{"id":1119,"date":"2019-07-28T18:22:50","date_gmt":"2019-07-28T17:22:50","guid":{"rendered":"http:\/\/www.cursillo.cz\/?p=1119"},"modified":"2019-07-28T18:22:50","modified_gmt":"2019-07-28T17:22:50","slug":"navstevy-ve-vezeni","status":"publish","type":"post","link":"https:\/\/www.cursillo.cz\/index.php\/2019\/07\/28\/navstevy-ve-vezeni\/","title":{"rendered":"N\u00e1v\u0161t\u011bvy ve v\u011bzen\u00ed"},"content":{"rendered":"<p>Mil\u00ed p\u0159\u00e1tel\u00e9,<\/p>\n<p style=\"text-align: justify;\">p\u0159edpokl\u00e1d\u00e1m, \u017ee pokud n\u011bkdy sly\u0161\u00edte v\u00fdraz \u201ev\u011bzen\u00ed\u201c, tak to ve&nbsp;v\u00e1s vzbuzuje p\u0159edev\u0161\u00edm negativn\u00ed asociace. Nen\u00ed to ur\u010dit\u011b nic neobvykl\u00e9ho, nebo\u0165 si p\u0159edstavujeme nevl\u00eddn\u00fd prostor, omezuj\u00edc\u00ed svobodu pohybu a jedn\u00e1n\u00ed osob, kter\u00e9 jsou odsouzeny za sp\u00e1ch\u00e1n\u00ed trestn\u00fdch \u010din\u016f proti pr\u00e1vn\u00edmu \u0159\u00e1du st\u00e1tu.<\/p>\n<p style=\"text-align: justify;\">Kdy\u017e mne p\u0159ed necel\u00fdm rokem oslovil jeden kn\u011bz \u2013 v\u011bze\u0148sk\u00fd kaplan, kter\u00fd ji\u017e \u0161estn\u00e1ct let nav\u0161t\u011bvuje ne\u0161\u0165astn\u00edky um\u00edst\u011bn\u00e9 v&nbsp;zmi\u0148ovan\u00fdch za\u0159\u00edzen\u00edch \u2013, zda bych nem\u011bl z\u00e1jem j\u00edt spolu s&nbsp;n\u00edm a s&nbsp;malou skupinkou dobrovoln\u00edk\u016f na pastora\u010dn\u00ed n\u00e1v\u0161t\u011bvu v\u011bz\u0148\u016f, tro\u0161ku jsem v\u00e1hal. M\u011bl jsem p\u0159edev\u0161\u00edm obavu, jak na mne zap\u016fsob\u00ed samotn\u00e9 prost\u0159ed\u00ed v\u011bznice a nev\u011bd\u011bl jsem, o \u010dem bych si s nimi, &nbsp;pro mne \u00fapln\u011b ciz\u00edmi lidmi, nav\u00edc je\u0161t\u011b s&nbsp;\u201epochybnou\u201c minulost\u00ed, mohl pov\u00eddat. Nakonec jsem si \u0159ekl, \u017ee to m\u016f\u017ee b\u00fdt docela zaj\u00edmav\u00e1 zku\u0161enost i vzhledem k&nbsp;za\u010d\u00e1tku m\u00e9 kn\u011b\u017esk\u00e9 slu\u017eby a nab\u00eddku k&nbsp;n\u00e1v\u0161t\u011bv\u011b jsem p\u0159ijal.<\/p>\n<p style=\"text-align: justify;\">Hned p\u0159i vstupu do objektu v\u011bzen\u00ed ve Vina\u0159ic\u00edch u Kladna se potvrdily moje p\u0159edtuchy o ponur\u00e9m prost\u0159ed\u00ed. Na relativn\u011b mal\u00e9m prostoru je zde soust\u0159ed\u011bno p\u0159es 900 osob odsouzen\u00fdch za r\u016fzn\u00e9 trestn\u00e9 \u010diny (od neplati\u010d\u016f aliment\u016f p\u0159es podvodn\u00edky, zlod\u011bje, lupi\u010de, osoby trestn\u011b st\u00edhan\u00e9 za v\u00fdrobu a prodej narkotik \u2013 a\u017e po vrahy). A tady jsem m\u011bl str\u00e1vit cel\u00e9 odpoledne, kdy se teplota vzduchu vy\u0161plhala k&nbsp;35\u00b0C. V\u0161ude kolem sam\u00e9 \u0161ed\u00e9 kovov\u00e9 br\u00e1ny, m\u0159\u00ed\u017ee, ostnat\u00fd i \u017eiletkov\u00fd dr\u00e1t, odsouzen\u00ed v&nbsp;jednotv\u00e1rn\u00e9m od\u011bvu, kamery a ozbrojen\u00e1 ostraha.<\/p>\n<p style=\"text-align: justify;\">Setk\u00e1n\u00ed s&nbsp;v\u011bzni ve v\u011bze\u0148sk\u00e9 kapli v\u0161ak k&nbsp;m\u00e9mu p\u0159ekvapen\u00ed prob\u00edhalo v&nbsp;p\u0159\u00e1telsk\u00e9 atmosf\u00e9\u0159e. Na v\u0161ech (asi \u010dty\u0159iceti) odsouzen\u00fdch bylo vid\u011bt, \u017ee setk\u00e1n\u00ed, popov\u00edd\u00e1n\u00ed a zazp\u00edv\u00e1n\u00ed si s&nbsp;lidmi \u201ez venku\u201c jim ud\u011blalo velkou radost. Velice mne zaujala p\u0159edev\u0161\u00edm nenucenost a otev\u0159enost, s&nbsp;jakou v\u011bzni rozmlouvali o sv\u00fdch probl\u00e9mech a smutn\u00fdch i t\u011b\u017ek\u00fdch \u017eivotn\u00edch osudech. Po t\u00e9to prvn\u00ed n\u00e1v\u0161t\u011bv\u011b jsem si v\u00edce za\u010dal uv\u011bdomovat, jak je nesm\u00edrn\u011b d\u016fle\u017eit\u00e9, aby n\u011bkdo lidem s&nbsp;n\u00e1lepkou \u201edelikvent\u201c, \u201ekrimin\u00e1ln\u00ed \u017eivel\u201c, nebo \u201erecidivista\u201c p\u0159in\u00e1\u0161el do jejich temn\u00fdch \u017eivot\u016f trochu sv\u011btla, nad\u011bje. Jak je tak\u00e9 cenn\u00e9, aby je n\u011bkdo povzbuzoval, \u017ee i kdy\u017e p\u0159edt\u00edm provedli n\u011bco \u0161patn\u00e9ho, mohou se sv\u00fdm \u017eivotem je\u0161t\u011b \u201en\u011bco ud\u011blat\u201c a po odpyk\u00e1n\u00ed trestu mohou op\u011bt d\u016fstojn\u011b \u017e\u00edt. Tyto \u00favahy mne postupn\u011b vedly k&nbsp;rozhodnut\u00ed nav\u0161t\u011bvovat v\u011bzn\u011b pravideln\u011b.<\/p>\n<p style=\"text-align: justify;\">St\u00e1le v\u00edce c\u00edt\u00edm, \u017ee toto p\u016fsoben\u00ed mezi odsouzen\u00fdmi se postupn\u011b st\u00e1v\u00e1 jednou z&nbsp;priorit m\u00e9 kn\u011b\u017esk\u00e9 slu\u017eby. Neust\u00e1le \u017easnu nad t\u00edm, jak se B\u016fh svoj\u00ed milosrdnou l\u00e1skou dot\u00fdk\u00e1 i tak tvrd\u00fdch a zran\u011bn\u00fdch srdc\u00ed a postupn\u011b, nen\u00e1siln\u011b je prom\u011b\u0148uje \u2013 a j\u00e1, slab\u00fd \u010dlov\u011bk s&nbsp;mnoh\u00fdmi nedokonalostmi a chybami, mohu slou\u017eit jako n\u00e1stroj k&nbsp;napl\u0148ov\u00e1n\u00ed Jeho z\u00e1m\u011br\u016f.<\/p>\n<p style=\"text-align: justify;\">P. Jaroslav, bos\u00fd karmelit\u00e1n ze Slan\u00e9ho.<\/p>\n","protected":false},"excerpt":{"rendered":"<p>Mil\u00ed p\u0159\u00e1tel\u00e9, p\u0159edpokl\u00e1d\u00e1m, \u017ee pokud n\u011bkdy sly\u0161\u00edte v\u00fdraz \u201ev\u011bzen\u00ed\u201c, tak to ve&nbsp;v\u00e1s vzbuzuje p\u0159edev\u0161\u00edm negativn\u00ed asociace. Nen\u00ed to ur\u010dit\u011b nic neobvykl\u00e9ho, nebo\u0165 si p\u0159edstavujeme nevl\u00eddn\u00fd prostor, omezuj\u00edc\u00ed svobodu pohybu a jedn\u00e1n\u00ed osob, kter\u00e9 jsou odsouzeny za sp\u00e1ch\u00e1n\u00ed trestn\u00fdch \u010din\u016f proti pr\u00e1vn\u00edmu \u0159\u00e1du st\u00e1tu. Kdy\u017e mne p\u0159ed necel\u00fdm rokem oslovil jeden [&hellip;]<\/p>\n","protected":false},"author":1,"featured_media":1120,"comment_status":"closed","ping_status":"closed","sticky":false,"template":"","format":"standard","meta":{"dwc-title":[],"dwc-content":[],"ngg_post_thumbnail":0,"footnotes":""},"categories":[14],"tags":[13,12],"class_list":["post-1119","post","type-post","status-publish","format-standard","has-post-thumbnail","hentry","category-impulzy","tag-cursillovy-casopis-maranatha","tag-svedectvi-cursillistu"],"aioseo_notices":[],"_links":{"self":[{"href":"https:\/\/www.cursillo.cz\/index.php\/wp-json\/wp\/v2\/posts\/1119","targetHints":{"allow":["GET"]}}],"collection":[{"href":"https:\/\/www.cursillo.cz\/index.php\/wp-json\/wp\/v2\/posts"}],"about":[{"href":"https:\/\/www.cursillo.cz\/index.php\/wp-json\/wp\/v2\/types\/post"}],"author":[{"embeddable":true,"href":"https:\/\/www.cursillo.cz\/index.php\/wp-json\/wp\/v2\/users\/1"}],"replies":[{"embeddable":true,"href":"https:\/\/www.cursillo.cz\/index.php\/wp-json\/wp\/v2\/comments?post=1119"}],"version-history":[{"count":2,"href":"https:\/\/www.cursillo.cz\/index.php\/wp-json\/wp\/v2\/posts\/1119\/revisions"}],"predecessor-version":[{"id":1122,"href":"https:\/\/www.cursillo.cz\/index.php\/wp-json\/wp\/v2\/posts\/1119\/revisions\/1122"}],"wp:featuredmedia":[{"embeddable":true,"href":"https:\/\/www.cursillo.cz\/index.php\/wp-json\/wp\/v2\/media\/1120"}],"wp:attachment":[{"href":"https:\/\/www.cursillo.cz\/index.php\/wp-json\/wp\/v2\/media?parent=1119"}],"wp:term":[{"taxonomy":"category","embeddable":true,"href":"https:\/\/www.cursillo.cz\/index.php\/wp-json\/wp\/v2\/categories?post=1119"},{"taxonomy":"post_tag","embeddable":true,"href":"https:\/\/www.cursillo.cz\/index.php\/wp-json\/wp\/v2\/tags?post=1119"}],"curies":[{"name":"wp","href":"https:\/\/api.w.org\/{rel}","templated":true}]}}