{"id":1148,"date":"2019-10-02T19:21:00","date_gmt":"2019-10-02T18:21:00","guid":{"rendered":"http:\/\/www.cursillo.cz\/?p=1148"},"modified":"2019-10-02T19:55:08","modified_gmt":"2019-10-02T18:55:08","slug":"narodni-ultreya-12-10-2019-v-mistku","status":"publish","type":"post","link":"https:\/\/www.cursillo.cz\/index.php\/2019\/10\/02\/narodni-ultreya-12-10-2019-v-mistku\/","title":{"rendered":"N\u00e1rodn\u00ed ultreya 12. 10. 2019 v M\u00edstku"},"content":{"rendered":"<p>N\u00e1rodn\u00ed ultreya s mottem &#8222;Neste hodn\u011b ovoce&#8220; se letos uskute\u010dn\u00ed v sobotu 12. 10. <a href=\"https:\/\/goo.gl\/maps\/ptGmFWM8dVhQt4eRA\">v kostele sv. Jana a Pavla<\/a> v M\u00edstku. Program bude n\u00e1sleduj\u00edc\u00ed:<\/p>\n<p>09.30 hod&nbsp;&nbsp;&nbsp;&nbsp; R\u016f\u017eenec<\/p>\n<p>10.00 hod&nbsp;&nbsp;&nbsp;&nbsp; P\u0159iv\u00edt\u00e1n\u00ed<\/p>\n<p>10.15 hod.&nbsp;&nbsp;&nbsp; M\u0161e svat\u00e1<\/p>\n<p>11.30 hod&nbsp;&nbsp;&nbsp;&nbsp; Po m\u0161i svat\u00e9 &#8211; p\u0159esun do Lidov\u00e9ho domu<\/p>\n<p>12.00 hod&nbsp;&nbsp;&nbsp;&nbsp; And\u011bl P\u00e1n\u011b, agap\u00e9<\/p>\n<p>12.45 hod&nbsp;&nbsp;&nbsp;&nbsp; Modlitba k Duchu sv., sv\u011bdectv\u00ed<\/p>\n<p>13.45 hod&nbsp;&nbsp;&nbsp;&nbsp; Impuls&nbsp; (P. Pavel H\u00f6dl)<\/p>\n<p>14.00 hod&nbsp;&nbsp;&nbsp;&nbsp; Rozhovory ve skupink\u00e1ch<\/p>\n<p>15.00 hod&nbsp;&nbsp;&nbsp;&nbsp; Shrnut\u00ed, info n\u00e1rodn\u00edho t\u00fdmu, z\u00e1v\u011br<\/p>\n<p>P\u0159ije\u010fte se spole\u010dn\u011b zamyslet nad na\u0161\u00edm t\u00e9matem a na\u010derpat s\u00edlu a inspiraci!<\/p>\n<p>K \u00fa\u010dasti zvou cursillist\u00e9 z fr\u00fddecko-m\u00edstecka.<\/p>\n","protected":false},"excerpt":{"rendered":"<p>N\u00e1rodn\u00ed ultreya s mottem &#8222;Neste hodn\u011b ovoce&#8220; se letos uskute\u010dn\u00ed v sobotu 12. 10. v kostele sv. Jana a Pavla v M\u00edstku. Program bude n\u00e1sleduj\u00edc\u00ed: 09.30 hod&nbsp;&nbsp;&nbsp;&nbsp; R\u016f\u017eenec 10.00 hod&nbsp;&nbsp;&nbsp;&nbsp; P\u0159iv\u00edt\u00e1n\u00ed 10.15 hod.&nbsp;&nbsp;&nbsp; M\u0161e svat\u00e1 11.30 hod&nbsp;&nbsp;&nbsp;&nbsp; Po m\u0161i svat\u00e9 &#8211; p\u0159esun do Lidov\u00e9ho domu 12.00 hod&nbsp;&nbsp;&nbsp;&nbsp; And\u011bl P\u00e1n\u011b, agap\u00e9 [&hellip;]<\/p>\n","protected":false},"author":1,"featured_media":1154,"comment_status":"closed","ping_status":"closed","sticky":false,"template":"","format":"standard","meta":{"dwc-title":[],"dwc-content":[],"ngg_post_thumbnail":0,"footnotes":""},"categories":[8],"tags":[15],"class_list":["post-1148","post","type-post","status-publish","format-standard","has-post-thumbnail","hentry","category-aktuality","tag-pozvanky-na-cursillove-akce"],"aioseo_notices":[],"_links":{"self":[{"href":"https:\/\/www.cursillo.cz\/index.php\/wp-json\/wp\/v2\/posts\/1148","targetHints":{"allow":["GET"]}}],"collection":[{"href":"https:\/\/www.cursillo.cz\/index.php\/wp-json\/wp\/v2\/posts"}],"about":[{"href":"https:\/\/www.cursillo.cz\/index.php\/wp-json\/wp\/v2\/types\/post"}],"author":[{"embeddable":true,"href":"https:\/\/www.cursillo.cz\/index.php\/wp-json\/wp\/v2\/users\/1"}],"replies":[{"embeddable":true,"href":"https:\/\/www.cursillo.cz\/index.php\/wp-json\/wp\/v2\/comments?post=1148"}],"version-history":[{"count":4,"href":"https:\/\/www.cursillo.cz\/index.php\/wp-json\/wp\/v2\/posts\/1148\/revisions"}],"predecessor-version":[{"id":1152,"href":"https:\/\/www.cursillo.cz\/index.php\/wp-json\/wp\/v2\/posts\/1148\/revisions\/1152"}],"wp:featuredmedia":[{"embeddable":true,"href":"https:\/\/www.cursillo.cz\/index.php\/wp-json\/wp\/v2\/media\/1154"}],"wp:attachment":[{"href":"https:\/\/www.cursillo.cz\/index.php\/wp-json\/wp\/v2\/media?parent=1148"}],"wp:term":[{"taxonomy":"category","embeddable":true,"href":"https:\/\/www.cursillo.cz\/index.php\/wp-json\/wp\/v2\/categories?post=1148"},{"taxonomy":"post_tag","embeddable":true,"href":"https:\/\/www.cursillo.cz\/index.php\/wp-json\/wp\/v2\/tags?post=1148"}],"curies":[{"name":"wp","href":"https:\/\/api.w.org\/{rel}","templated":true}]}}