{"id":1234,"date":"2019-12-10T21:18:37","date_gmt":"2019-12-10T20:18:37","guid":{"rendered":"http:\/\/www.cursillo.cz\/?p=1234"},"modified":"2019-12-10T21:18:57","modified_gmt":"2019-12-10T20:18:57","slug":"evropska-ultreya-2020","status":"publish","type":"post","link":"https:\/\/www.cursillo.cz\/index.php\/2019\/12\/10\/evropska-ultreya-2020\/","title":{"rendered":"Evropsk\u00e1 Ultreya 2020"},"content":{"rendered":"<p>18.&nbsp; &#8211; 19. z\u00e1\u0159\u00ed 2020 se bude v Budape\u0161ti konat <a href=\"http:\/\/cursillo.hu\/customPages\/info-in-english?subSiteId=1\">4. Evropsk\u00e1 Ultreya<\/a>. Ve stejn\u00e9m term\u00ednu (13. &#8211; 20. 9. 2020) bude na stejn\u00e9m m\u00edst\u011b prob\u00edhat i <a href=\"https:\/\/www.iec2020.hu\/en\">Mezin\u00e1rodn\u00ed eucharistick\u00fd kongres<\/a>. Evropsk\u00e1 Ultreya je jedine\u010dn\u00e1 p\u0159\u00edle\u017eitost, setkat se s cursillisty z jin\u00fdch zem\u00ed, za\u017e\u00edt atmosf\u00e9ru p\u0159\u00e1telstv\u00ed a na\u010derpat novou energii. Nav\u00edc jen kousek od na\u0161ich hranic! Z \u010ceska pl\u00e1nujeme spole\u010dnou cestu autobusem. Brzy p\u0159ijdeme s podrobn\u011bj\u0161\u00edmi informacemi.<\/p>\n","protected":false},"excerpt":{"rendered":"<p>18.&nbsp; &#8211; 19. z\u00e1\u0159\u00ed 2020 se bude v Budape\u0161ti konat 4. Evropsk\u00e1 Ultreya. Ve stejn\u00e9m term\u00ednu (13. &#8211; 20. 9. 2020) bude na stejn\u00e9m m\u00edst\u011b prob\u00edhat i Mezin\u00e1rodn\u00ed eucharistick\u00fd kongres. Evropsk\u00e1 Ultreya je jedine\u010dn\u00e1 p\u0159\u00edle\u017eitost, setkat se s cursillisty z jin\u00fdch zem\u00ed, za\u017e\u00edt atmosf\u00e9ru p\u0159\u00e1telstv\u00ed a na\u010derpat novou energii. Nav\u00edc [&hellip;]<\/p>\n","protected":false},"author":1,"featured_media":1236,"comment_status":"closed","ping_status":"closed","sticky":false,"template":"","format":"standard","meta":{"dwc-title":[],"dwc-content":[],"ngg_post_thumbnail":0,"footnotes":""},"categories":[8],"tags":[15],"class_list":["post-1234","post","type-post","status-publish","format-standard","has-post-thumbnail","hentry","category-aktuality","tag-pozvanky-na-cursillove-akce"],"aioseo_notices":[],"_links":{"self":[{"href":"https:\/\/www.cursillo.cz\/index.php\/wp-json\/wp\/v2\/posts\/1234","targetHints":{"allow":["GET"]}}],"collection":[{"href":"https:\/\/www.cursillo.cz\/index.php\/wp-json\/wp\/v2\/posts"}],"about":[{"href":"https:\/\/www.cursillo.cz\/index.php\/wp-json\/wp\/v2\/types\/post"}],"author":[{"embeddable":true,"href":"https:\/\/www.cursillo.cz\/index.php\/wp-json\/wp\/v2\/users\/1"}],"replies":[{"embeddable":true,"href":"https:\/\/www.cursillo.cz\/index.php\/wp-json\/wp\/v2\/comments?post=1234"}],"version-history":[{"count":2,"href":"https:\/\/www.cursillo.cz\/index.php\/wp-json\/wp\/v2\/posts\/1234\/revisions"}],"predecessor-version":[{"id":1237,"href":"https:\/\/www.cursillo.cz\/index.php\/wp-json\/wp\/v2\/posts\/1234\/revisions\/1237"}],"wp:featuredmedia":[{"embeddable":true,"href":"https:\/\/www.cursillo.cz\/index.php\/wp-json\/wp\/v2\/media\/1236"}],"wp:attachment":[{"href":"https:\/\/www.cursillo.cz\/index.php\/wp-json\/wp\/v2\/media?parent=1234"}],"wp:term":[{"taxonomy":"category","embeddable":true,"href":"https:\/\/www.cursillo.cz\/index.php\/wp-json\/wp\/v2\/categories?post=1234"},{"taxonomy":"post_tag","embeddable":true,"href":"https:\/\/www.cursillo.cz\/index.php\/wp-json\/wp\/v2\/tags?post=1234"}],"curies":[{"name":"wp","href":"https:\/\/api.w.org\/{rel}","templated":true}]}}