{"id":1251,"date":"2020-02-04T17:47:06","date_gmt":"2020-02-04T16:47:06","guid":{"rendered":"http:\/\/www.cursillo.cz\/?p=1251"},"modified":"2020-02-04T17:47:06","modified_gmt":"2020-02-04T16:47:06","slug":"projekt-afrika","status":"publish","type":"post","link":"https:\/\/www.cursillo.cz\/index.php\/2020\/02\/04\/projekt-afrika\/","title":{"rendered":"Projekt Afrika"},"content":{"rendered":"<p>Afrika je posledn\u00edm obydlen\u00fdm kontinentem, ve kter\u00e9m zat\u00edm hnut\u00ed Cursillo nestoj\u00ed pln\u011b na vlastn\u00edch noh\u00e1ch, i kdy\u017e Cursilla se uskute\u010dnila nap\u0159. v Beninu, Burkin\u011b Faso, Togu, Jihoafrick\u00e9 republice, Ugand\u011b, Nig\u00e9rii a dal\u0161\u00edch. Velkou z\u00e1sluhu na roz\u0161\u00ed\u0159en\u00ed Cursilla do Afriky m\u00e1 Francis Napoli z&nbsp;Gibraltaru, se kter\u00fdm se mnoz\u00ed z n\u00e1s setkali na n\u00e1rodn\u00ed Ultreyi v&nbsp;N\u00e1m\u011b\u0161ti nad Oslavou. Francis p\u0159ed v\u00edce ne\u017e 10 lety prodal svoji firmu, aby se mohl pln\u011b v\u011bnovat tomuto apo\u0161tol\u00e1tu. Vyhled\u00e1val kontakty a nav\u0161t\u011bvoval africk\u00e9 biskupy, se kter\u00fdmi jednal o uveden\u00ed Cursilla do jejich diec\u00e9z\u00ed. Dal dohromady t\u00fdmy spolupracovn\u00edk\u016f z&nbsp;r\u016fzn\u00fdch evropsk\u00fdch zem\u00ed a Kanady, kter\u00e9 vedly prvn\u00ed africk\u00e1 Cursilla. Tyto kurzy m\u011bly des\u00edtky \u00fa\u010dastn\u00edk\u016f, i kdy\u017e prob\u00edhaly v&nbsp;pro n\u00e1s nep\u0159edstaviteln\u011b prost\u00fdch podm\u00ednk\u00e1ch a \u00fa\u010dastn\u00edci museli n\u011bkdy cestovat i t\u0159i dny p\u011b\u0161ky, aby se jich v\u016fbec mohli z\u00fa\u010dastnit. Francis \u0159\u00edk\u00e1 o sv\u00fdch za\u010d\u00e1tc\u00edch s&nbsp;Cursillem v Africe, \u017ee si po prvn\u00ed sr\u00e1\u017ece s m\u00edstn\u00ed realitou \u0159\u00edkal, jestli to cel\u00e9 nen\u00ed nesmysl a m\u00e1 to v\u016fbec zapot\u0159eb\u00ed. V\u0161e se ale zm\u011bnilo, kdy\u017e na Cursillu ve\u010der p\u0159ed span\u00edm ka\u017ed\u00fd \u00fa\u010dastn\u00edk \u201emusel obejmout Francise\u201c. Afri\u010dan\u00e9 neobj\u00edmaj\u00ed jen \u201ejako\u201c, tak\u017ee Francis m\u011bl na konci pohmo\u017ed\u011bn\u00fd hrudn\u00edk, ale \u0159\u00edk\u00e1, \u017ee takov\u00e9 \u0161t\u011bst\u00ed je\u0161t\u011b nikdy neza\u017eil.<\/p>\n<p>V sou\u010dasnosti se cursillov\u00e9 v\u00edkendy pl\u00e1nuj\u00ed i v dal\u0161\u00edch africk\u00fdch zem\u00edch. Je snaha zapojovat nov\u00e9 spolupracovn\u00edky z \u0159ad m\u00edstn\u00edch lid\u00ed. Cursillo v Africe dosud form\u00e1ln\u011b pat\u0159ilo pod GECC (Evropskou skupinu hnut\u00ed Cursillo). Snad nen\u00ed daleko doba, kdy bude v Africe ustavena jej\u00ed vlastn\u00ed skupina. Zat\u00edm v\u0161ak od n\u00e1s st\u00e1le pot\u0159ebuje pomoc. Vytv\u00e1\u0159\u00ed se datab\u00e1ze spolupracovn\u00edk\u016f, kte\u0159\u00ed by byli schopni a ochotni vyjet do Afriky a st\u00e1t se \u010dleny t\u00fdmu n\u011bkter\u00e9ho z Cursill, kter\u00e1 jsou obvykle vedena v angli\u010dtin\u011b. Prob\u00edh\u00e1 celosv\u011btov\u00e1 sb\u00edrka na podporu Cursilla v Africe. A ka\u017ed\u00fd z n\u00e1s se m\u016f\u017ee p\u0159ipojit k modlitb\u011b za to, aby Afri\u010dan\u00e9 skrze Cursillo na\u0161li v Je\u017e\u00ed\u0161i p\u0159\u00edtele a bratra.<\/p>\n","protected":false},"excerpt":{"rendered":"<p>Afrika je posledn\u00edm obydlen\u00fdm kontinentem, ve kter\u00e9m zat\u00edm hnut\u00ed Cursillo nestoj\u00ed pln\u011b na vlastn\u00edch noh\u00e1ch, i kdy\u017e Cursilla se uskute\u010dnila nap\u0159. v Beninu, Burkin\u011b Faso, Togu, Jihoafrick\u00e9 republice, Ugand\u011b, Nig\u00e9rii a dal\u0161\u00edch. Velkou z\u00e1sluhu na roz\u0161\u00ed\u0159en\u00ed Cursilla do Afriky m\u00e1 Francis Napoli z&nbsp;Gibraltaru, se kter\u00fdm se mnoz\u00ed z n\u00e1s setkali [&hellip;]<\/p>\n","protected":false},"author":1,"featured_media":1254,"comment_status":"closed","ping_status":"closed","sticky":false,"template":"","format":"standard","meta":{"dwc-title":[],"dwc-content":[],"ngg_post_thumbnail":0,"footnotes":""},"categories":[8],"tags":[18],"class_list":["post-1251","post","type-post","status-publish","format-standard","has-post-thumbnail","hentry","category-aktuality","tag-cursillo-ve-svete"],"aioseo_notices":[],"_links":{"self":[{"href":"https:\/\/www.cursillo.cz\/index.php\/wp-json\/wp\/v2\/posts\/1251","targetHints":{"allow":["GET"]}}],"collection":[{"href":"https:\/\/www.cursillo.cz\/index.php\/wp-json\/wp\/v2\/posts"}],"about":[{"href":"https:\/\/www.cursillo.cz\/index.php\/wp-json\/wp\/v2\/types\/post"}],"author":[{"embeddable":true,"href":"https:\/\/www.cursillo.cz\/index.php\/wp-json\/wp\/v2\/users\/1"}],"replies":[{"embeddable":true,"href":"https:\/\/www.cursillo.cz\/index.php\/wp-json\/wp\/v2\/comments?post=1251"}],"version-history":[{"count":3,"href":"https:\/\/www.cursillo.cz\/index.php\/wp-json\/wp\/v2\/posts\/1251\/revisions"}],"predecessor-version":[{"id":1255,"href":"https:\/\/www.cursillo.cz\/index.php\/wp-json\/wp\/v2\/posts\/1251\/revisions\/1255"}],"wp:featuredmedia":[{"embeddable":true,"href":"https:\/\/www.cursillo.cz\/index.php\/wp-json\/wp\/v2\/media\/1254"}],"wp:attachment":[{"href":"https:\/\/www.cursillo.cz\/index.php\/wp-json\/wp\/v2\/media?parent=1251"}],"wp:term":[{"taxonomy":"category","embeddable":true,"href":"https:\/\/www.cursillo.cz\/index.php\/wp-json\/wp\/v2\/categories?post=1251"},{"taxonomy":"post_tag","embeddable":true,"href":"https:\/\/www.cursillo.cz\/index.php\/wp-json\/wp\/v2\/tags?post=1251"}],"curies":[{"name":"wp","href":"https:\/\/api.w.org\/{rel}","templated":true}]}}