{"id":1292,"date":"2020-03-20T17:34:35","date_gmt":"2020-03-20T16:34:35","guid":{"rendered":"http:\/\/www.cursillo.cz\/?p=1292"},"modified":"2020-03-20T17:34:35","modified_gmt":"2020-03-20T16:34:35","slug":"koronavirus","status":"publish","type":"post","link":"https:\/\/www.cursillo.cz\/index.php\/2020\/03\/20\/koronavirus\/","title":{"rendered":"Koronavirus"},"content":{"rendered":"<p>V souvislosti s opat\u0159en\u00edmi, kter\u00e1 maj\u00ed zabr\u00e1nit \u0161\u00ed\u0159en\u00ed pandemie koronaviru, jsou zru\u0161eny v\u0161echny pl\u00e1novan\u00e9 cursillov\u00e9 akce v \u010cesk\u00e9 republice do konce dubna 2020. O dal\u0161\u00edm v\u00fdvoji v\u00e1s budeme informovat.<\/p>\n<p>P\u0159ijm\u011bme tuto situaci jako v\u00fdzvu k obr\u00e1cen\u00ed a p\u0159ipojme se k prob\u00edhaj\u00edc\u00edm modlitb\u00e1m. Inspirac\u00ed n\u00e1m m\u016f\u017ee b\u00fdt t\u0159eba <a href=\"https:\/\/www.cirkev.cz\/cs\/aktuality\/200315modlitba-arcibiskupa-olomouckeho-jana-graubnera\">modlitba otce arcibiskupa Jana Graubnera<\/a>.<\/p>\n","protected":false},"excerpt":{"rendered":"<p>V souvislosti s opat\u0159en\u00edmi, kter\u00e1 maj\u00ed zabr\u00e1nit \u0161\u00ed\u0159en\u00ed pandemie koronaviru, jsou zru\u0161eny v\u0161echny pl\u00e1novan\u00e9 cursillov\u00e9 akce v \u010cesk\u00e9 republice do konce dubna 2020. O dal\u0161\u00edm v\u00fdvoji v\u00e1s budeme informovat. P\u0159ijm\u011bme tuto situaci jako v\u00fdzvu k obr\u00e1cen\u00ed a p\u0159ipojme se k prob\u00edhaj\u00edc\u00edm modlitb\u00e1m. Inspirac\u00ed n\u00e1m m\u016f\u017ee b\u00fdt t\u0159eba modlitba otce arcibiskupa [&hellip;]<\/p>\n","protected":false},"author":1,"featured_media":1294,"comment_status":"closed","ping_status":"closed","sticky":false,"template":"","format":"standard","meta":{"dwc-title":[],"dwc-content":[],"ngg_post_thumbnail":0,"footnotes":""},"categories":[8],"tags":[17],"class_list":["post-1292","post","type-post","status-publish","format-standard","has-post-thumbnail","hentry","category-aktuality","tag-organizacni-sdeleni"],"aioseo_notices":[],"_links":{"self":[{"href":"https:\/\/www.cursillo.cz\/index.php\/wp-json\/wp\/v2\/posts\/1292","targetHints":{"allow":["GET"]}}],"collection":[{"href":"https:\/\/www.cursillo.cz\/index.php\/wp-json\/wp\/v2\/posts"}],"about":[{"href":"https:\/\/www.cursillo.cz\/index.php\/wp-json\/wp\/v2\/types\/post"}],"author":[{"embeddable":true,"href":"https:\/\/www.cursillo.cz\/index.php\/wp-json\/wp\/v2\/users\/1"}],"replies":[{"embeddable":true,"href":"https:\/\/www.cursillo.cz\/index.php\/wp-json\/wp\/v2\/comments?post=1292"}],"version-history":[{"count":2,"href":"https:\/\/www.cursillo.cz\/index.php\/wp-json\/wp\/v2\/posts\/1292\/revisions"}],"predecessor-version":[{"id":1295,"href":"https:\/\/www.cursillo.cz\/index.php\/wp-json\/wp\/v2\/posts\/1292\/revisions\/1295"}],"wp:featuredmedia":[{"embeddable":true,"href":"https:\/\/www.cursillo.cz\/index.php\/wp-json\/wp\/v2\/media\/1294"}],"wp:attachment":[{"href":"https:\/\/www.cursillo.cz\/index.php\/wp-json\/wp\/v2\/media?parent=1292"}],"wp:term":[{"taxonomy":"category","embeddable":true,"href":"https:\/\/www.cursillo.cz\/index.php\/wp-json\/wp\/v2\/categories?post=1292"},{"taxonomy":"post_tag","embeddable":true,"href":"https:\/\/www.cursillo.cz\/index.php\/wp-json\/wp\/v2\/tags?post=1292"}],"curies":[{"name":"wp","href":"https:\/\/api.w.org\/{rel}","templated":true}]}}