{"id":1336,"date":"2020-09-27T15:47:13","date_gmt":"2020-09-27T14:47:13","guid":{"rendered":"https:\/\/www.cursillo.cz\/?p=1336"},"modified":"2020-09-27T15:47:13","modified_gmt":"2020-09-27T14:47:13","slug":"narodni-ultreya-v-olomouci","status":"publish","type":"post","link":"https:\/\/www.cursillo.cz\/index.php\/2020\/09\/27\/narodni-ultreya-v-olomouci\/","title":{"rendered":"N\u00e1rodn\u00ed Ultreya v Olomouci"},"content":{"rendered":"<p>Vzhledem k v\u00fdvoji situace ohledn\u011b \u0161\u00ed\u0159en\u00ed koronaviru se letos nebude konat<br \/>\nN\u00e1rodn\u00ed Ultreya , kter\u00e1 m\u011bla prob\u011bhnout v Olomouci v sobotu 24. 10. 2020.<br \/>\nSpojme se tento den v 10.00 hodin, kdy byla pl\u00e1novan\u00e1 m\u0161e svat\u00e1, v modlitb\u011b k Duchu svat\u00e9mu a v modlitb\u011b slavn\u00e9ho r\u016f\u017eence.<\/p>\n","protected":false},"excerpt":{"rendered":"<p>Vzhledem k v\u00fdvoji situace ohledn\u011b \u0161\u00ed\u0159en\u00ed koronaviru se letos nebude konat N\u00e1rodn\u00ed Ultreya , kter\u00e1 m\u011bla prob\u011bhnout v Olomouci v sobotu 24. 10. 2020. Spojme se tento den v 10.00 hodin, kdy byla pl\u00e1novan\u00e1 m\u0161e svat\u00e1, v modlitb\u011b k Duchu svat\u00e9mu a v modlitb\u011b slavn\u00e9ho r\u016f\u017eence.<\/p>\n","protected":false},"author":1,"featured_media":1337,"comment_status":"closed","ping_status":"closed","sticky":false,"template":"","format":"standard","meta":{"dwc-title":[],"dwc-content":[],"ngg_post_thumbnail":0,"footnotes":""},"categories":[8],"tags":[17,15],"class_list":["post-1336","post","type-post","status-publish","format-standard","has-post-thumbnail","hentry","category-aktuality","tag-organizacni-sdeleni","tag-pozvanky-na-cursillove-akce"],"aioseo_notices":[],"_links":{"self":[{"href":"https:\/\/www.cursillo.cz\/index.php\/wp-json\/wp\/v2\/posts\/1336","targetHints":{"allow":["GET"]}}],"collection":[{"href":"https:\/\/www.cursillo.cz\/index.php\/wp-json\/wp\/v2\/posts"}],"about":[{"href":"https:\/\/www.cursillo.cz\/index.php\/wp-json\/wp\/v2\/types\/post"}],"author":[{"embeddable":true,"href":"https:\/\/www.cursillo.cz\/index.php\/wp-json\/wp\/v2\/users\/1"}],"replies":[{"embeddable":true,"href":"https:\/\/www.cursillo.cz\/index.php\/wp-json\/wp\/v2\/comments?post=1336"}],"version-history":[{"count":1,"href":"https:\/\/www.cursillo.cz\/index.php\/wp-json\/wp\/v2\/posts\/1336\/revisions"}],"predecessor-version":[{"id":1338,"href":"https:\/\/www.cursillo.cz\/index.php\/wp-json\/wp\/v2\/posts\/1336\/revisions\/1338"}],"wp:featuredmedia":[{"embeddable":true,"href":"https:\/\/www.cursillo.cz\/index.php\/wp-json\/wp\/v2\/media\/1337"}],"wp:attachment":[{"href":"https:\/\/www.cursillo.cz\/index.php\/wp-json\/wp\/v2\/media?parent=1336"}],"wp:term":[{"taxonomy":"category","embeddable":true,"href":"https:\/\/www.cursillo.cz\/index.php\/wp-json\/wp\/v2\/categories?post=1336"},{"taxonomy":"post_tag","embeddable":true,"href":"https:\/\/www.cursillo.cz\/index.php\/wp-json\/wp\/v2\/tags?post=1336"}],"curies":[{"name":"wp","href":"https:\/\/api.w.org\/{rel}","templated":true}]}}