{"id":1359,"date":"2021-03-10T16:12:01","date_gmt":"2021-03-10T15:12:01","guid":{"rendered":"https:\/\/www.cursillo.cz\/?p=1359"},"modified":"2021-03-19T09:10:13","modified_gmt":"2021-03-19T08:10:13","slug":"pandemie-a-akce-na-jare-2021","status":"publish","type":"post","link":"https:\/\/www.cursillo.cz\/index.php\/2021\/03\/10\/pandemie-a-akce-na-jare-2021\/","title":{"rendered":"Jarn\u00ed Cursilla na Gruni"},"content":{"rendered":"<p>V d\u016fsledku aktu\u00e1ln\u00ed pandemick\u00e9 situace je zru\u0161eno <a href=\"https:\/\/www.cursillo.cz\/index.php\/kalendar\/\">Cursillo pro mu\u017ee, kter\u00e9 se m\u011blo konat 25.\u2013 28. 3. 2021 na Gruni<\/a>. Umo\u017en\u00ed-li to situace, uskute\u010dn\u00ed se v podzimn\u00edm term\u00ednu. Mu\u017ee p\u0159ihl\u00e1\u0161en\u00e9 na jarn\u00ed term\u00edn budeme kontaktovat.<\/p>\n<p>Ze stejn\u00e9ho d\u016fvodu ru\u0161\u00edme i <a href=\"https:\/\/www.cursillo.cz\/index.php\/kalendar\/\">Cursillo pro \u017eeny na Gruni, kter\u00e9 se m\u011blo konat ve dnech 8.\u201311. 4. 2021.<\/a><\/p>\n<p>Pros\u00edme nezapom\u00ednejme na modlitbu za Cursillo a zvan\u00ed \u00fa\u010dastn\u00edk\u016f.<\/p>\n<p>&nbsp;<\/p>\n","protected":false},"excerpt":{"rendered":"<p>V d\u016fsledku aktu\u00e1ln\u00ed pandemick\u00e9 situace je zru\u0161eno Cursillo pro mu\u017ee, kter\u00e9 se m\u011blo konat 25.\u2013 28. 3. 2021 na Gruni. Umo\u017en\u00ed-li to situace, uskute\u010dn\u00ed se v podzimn\u00edm term\u00ednu. Mu\u017ee p\u0159ihl\u00e1\u0161en\u00e9 na jarn\u00ed term\u00edn budeme kontaktovat. Ze stejn\u00e9ho d\u016fvodu ru\u0161\u00edme i Cursillo pro \u017eeny na Gruni, kter\u00e9 se m\u011blo konat ve [&hellip;]<\/p>\n","protected":false},"author":1,"featured_media":1318,"comment_status":"closed","ping_status":"closed","sticky":false,"template":"","format":"standard","meta":{"dwc-title":[],"dwc-content":[],"ngg_post_thumbnail":0,"footnotes":""},"categories":[8],"tags":[17,15],"class_list":["post-1359","post","type-post","status-publish","format-standard","has-post-thumbnail","hentry","category-aktuality","tag-organizacni-sdeleni","tag-pozvanky-na-cursillove-akce"],"aioseo_notices":[],"_links":{"self":[{"href":"https:\/\/www.cursillo.cz\/index.php\/wp-json\/wp\/v2\/posts\/1359","targetHints":{"allow":["GET"]}}],"collection":[{"href":"https:\/\/www.cursillo.cz\/index.php\/wp-json\/wp\/v2\/posts"}],"about":[{"href":"https:\/\/www.cursillo.cz\/index.php\/wp-json\/wp\/v2\/types\/post"}],"author":[{"embeddable":true,"href":"https:\/\/www.cursillo.cz\/index.php\/wp-json\/wp\/v2\/users\/1"}],"replies":[{"embeddable":true,"href":"https:\/\/www.cursillo.cz\/index.php\/wp-json\/wp\/v2\/comments?post=1359"}],"version-history":[{"count":6,"href":"https:\/\/www.cursillo.cz\/index.php\/wp-json\/wp\/v2\/posts\/1359\/revisions"}],"predecessor-version":[{"id":1373,"href":"https:\/\/www.cursillo.cz\/index.php\/wp-json\/wp\/v2\/posts\/1359\/revisions\/1373"}],"wp:featuredmedia":[{"embeddable":true,"href":"https:\/\/www.cursillo.cz\/index.php\/wp-json\/wp\/v2\/media\/1318"}],"wp:attachment":[{"href":"https:\/\/www.cursillo.cz\/index.php\/wp-json\/wp\/v2\/media?parent=1359"}],"wp:term":[{"taxonomy":"category","embeddable":true,"href":"https:\/\/www.cursillo.cz\/index.php\/wp-json\/wp\/v2\/categories?post=1359"},{"taxonomy":"post_tag","embeddable":true,"href":"https:\/\/www.cursillo.cz\/index.php\/wp-json\/wp\/v2\/tags?post=1359"}],"curies":[{"name":"wp","href":"https:\/\/api.w.org\/{rel}","templated":true}]}}