{"id":1368,"date":"2021-03-19T09:05:22","date_gmt":"2021-03-19T08:05:22","guid":{"rendered":"https:\/\/www.cursillo.cz\/?p=1368"},"modified":"2021-03-19T09:13:09","modified_gmt":"2021-03-19T08:13:09","slug":"jarni-cursillo-v-praze","status":"publish","type":"post","link":"https:\/\/www.cursillo.cz\/index.php\/2021\/03\/19\/jarni-cursillo-v-praze\/","title":{"rendered":"Jarn\u00ed Cursillo v Praze"},"content":{"rendered":"<p>Pandemie nemoci covid-19 a s n\u00ed souvisej\u00edc\u00ed opat\u0159en\u00ed vl\u00e1dy n\u00e1m nedovoluj\u00ed uspo\u0159\u00e1dat <a href=\"https:\/\/www.cursillo.cz\/index.php\/kalendar\/\">Cursillo pro mu\u017ee v Praze \u2013 B\u00edl\u00e9 Ho\u0159e, kter\u00e9 bylo pl\u00e1nov\u00e1no na 22.\u201325. dubna 2021<\/a>. Term\u00edn se p\u0159esouv\u00e1 na 28.\u201331. \u0159\u00edjna 2021.<\/p>\n<p>Douf\u00e1me, \u017ee se do t\u00e9 doby situace zklidn\u00ed. Z\u016fst\u00e1vejme spojeni v modlitb\u011b za \u00fa\u010dastn\u00edky, t\u00fdm i za sebe navz\u00e1jem.<\/p>\n","protected":false},"excerpt":{"rendered":"<p>Pandemie nemoci covid-19 a s n\u00ed souvisej\u00edc\u00ed opat\u0159en\u00ed vl\u00e1dy n\u00e1m nedovoluj\u00ed uspo\u0159\u00e1dat Cursillo pro mu\u017ee v Praze \u2013 B\u00edl\u00e9 Ho\u0159e, kter\u00e9 bylo pl\u00e1nov\u00e1no na 22.\u201325. dubna 2021. Term\u00edn se p\u0159esouv\u00e1 na 28.\u201331. \u0159\u00edjna 2021. Douf\u00e1me, \u017ee se do t\u00e9 doby situace zklidn\u00ed. Z\u016fst\u00e1vejme spojeni v modlitb\u011b za \u00fa\u010dastn\u00edky, t\u00fdm i [&hellip;]<\/p>\n","protected":false},"author":1,"featured_media":1369,"comment_status":"closed","ping_status":"closed","sticky":false,"template":"","format":"standard","meta":{"dwc-title":[],"dwc-content":[],"ngg_post_thumbnail":0,"footnotes":""},"categories":[8],"tags":[17,15],"class_list":["post-1368","post","type-post","status-publish","format-standard","has-post-thumbnail","hentry","category-aktuality","tag-organizacni-sdeleni","tag-pozvanky-na-cursillove-akce"],"aioseo_notices":[],"_links":{"self":[{"href":"https:\/\/www.cursillo.cz\/index.php\/wp-json\/wp\/v2\/posts\/1368","targetHints":{"allow":["GET"]}}],"collection":[{"href":"https:\/\/www.cursillo.cz\/index.php\/wp-json\/wp\/v2\/posts"}],"about":[{"href":"https:\/\/www.cursillo.cz\/index.php\/wp-json\/wp\/v2\/types\/post"}],"author":[{"embeddable":true,"href":"https:\/\/www.cursillo.cz\/index.php\/wp-json\/wp\/v2\/users\/1"}],"replies":[{"embeddable":true,"href":"https:\/\/www.cursillo.cz\/index.php\/wp-json\/wp\/v2\/comments?post=1368"}],"version-history":[{"count":4,"href":"https:\/\/www.cursillo.cz\/index.php\/wp-json\/wp\/v2\/posts\/1368\/revisions"}],"predecessor-version":[{"id":1375,"href":"https:\/\/www.cursillo.cz\/index.php\/wp-json\/wp\/v2\/posts\/1368\/revisions\/1375"}],"wp:featuredmedia":[{"embeddable":true,"href":"https:\/\/www.cursillo.cz\/index.php\/wp-json\/wp\/v2\/media\/1369"}],"wp:attachment":[{"href":"https:\/\/www.cursillo.cz\/index.php\/wp-json\/wp\/v2\/media?parent=1368"}],"wp:term":[{"taxonomy":"category","embeddable":true,"href":"https:\/\/www.cursillo.cz\/index.php\/wp-json\/wp\/v2\/categories?post=1368"},{"taxonomy":"post_tag","embeddable":true,"href":"https:\/\/www.cursillo.cz\/index.php\/wp-json\/wp\/v2\/tags?post=1368"}],"curies":[{"name":"wp","href":"https:\/\/api.w.org\/{rel}","templated":true}]}}