{"id":1402,"date":"2021-05-29T18:18:45","date_gmt":"2021-05-29T17:18:45","guid":{"rendered":"https:\/\/www.cursillo.cz\/?p=1402"},"modified":"2021-05-29T18:47:48","modified_gmt":"2021-05-29T17:47:48","slug":"diecezni-ultreya-praha-5-cervna-2021","status":"publish","type":"post","link":"https:\/\/www.cursillo.cz\/index.php\/2021\/05\/29\/diecezni-ultreya-praha-5-cervna-2021\/","title":{"rendered":"Diec\u00e9zn\u00ed Ultreya Praha 5. \u010dervna 2021"},"content":{"rendered":"<p>Srde\u010dn\u011b zveme cursillisty z Prahy a St\u0159edo\u010desk\u00e9ho kraje na <a href=\"https:\/\/www.cursillo.cz\/index.php\/kalendar\/\">diec\u00e9zn\u00ed Ultreyu<\/a>, kter\u00e1 se<br \/>\nbude konat v sobotu 5. 6. 2021 v <a href=\"https:\/\/goo.gl\/maps\/4JEU43fu9KZ14tQN8\">kl\u00e1\u0161te\u0159e augustini\u00e1n\u016f u sv. Tom\u00e1\u0161e<\/a> na Mal\u00e9<br \/>\nStran\u011b od 10 hodin. Heslo jsme zvolili nad\u011bjn\u00e9 &#8211; \u201eZnovu se shrom\u00e1\u017edil z\u00e1stup<br \/>\nlidu&#8230;\u201c (Mk 3,20) &#8211; a v\u011b\u0159\u00edme, \u017ee se n\u00e1s sejde opravdu dost. Ke spole\u010dn\u00e9mu<br \/>\nslaven\u00ed Eucharistie, sd\u00edlen\u00ed i k mal\u00e9mu agap\u00e9.<\/p>\n","protected":false},"excerpt":{"rendered":"<p>Srde\u010dn\u011b zveme cursillisty z Prahy a St\u0159edo\u010desk\u00e9ho kraje na diec\u00e9zn\u00ed Ultreyu, kter\u00e1 se bude konat v sobotu 5. 6. 2021 v kl\u00e1\u0161te\u0159e augustini\u00e1n\u016f u sv. Tom\u00e1\u0161e na Mal\u00e9 Stran\u011b od 10 hodin. Heslo jsme zvolili nad\u011bjn\u00e9 &#8211; \u201eZnovu se shrom\u00e1\u017edil z\u00e1stup lidu&#8230;\u201c (Mk 3,20) &#8211; a v\u011b\u0159\u00edme, \u017ee se n\u00e1s [&hellip;]<\/p>\n","protected":false},"author":1,"featured_media":1403,"comment_status":"closed","ping_status":"closed","sticky":false,"template":"","format":"standard","meta":{"dwc-title":[],"dwc-content":[],"ngg_post_thumbnail":0,"footnotes":""},"categories":[8],"tags":[15],"class_list":["post-1402","post","type-post","status-publish","format-standard","has-post-thumbnail","hentry","category-aktuality","tag-pozvanky-na-cursillove-akce"],"aioseo_notices":[],"_links":{"self":[{"href":"https:\/\/www.cursillo.cz\/index.php\/wp-json\/wp\/v2\/posts\/1402","targetHints":{"allow":["GET"]}}],"collection":[{"href":"https:\/\/www.cursillo.cz\/index.php\/wp-json\/wp\/v2\/posts"}],"about":[{"href":"https:\/\/www.cursillo.cz\/index.php\/wp-json\/wp\/v2\/types\/post"}],"author":[{"embeddable":true,"href":"https:\/\/www.cursillo.cz\/index.php\/wp-json\/wp\/v2\/users\/1"}],"replies":[{"embeddable":true,"href":"https:\/\/www.cursillo.cz\/index.php\/wp-json\/wp\/v2\/comments?post=1402"}],"version-history":[{"count":4,"href":"https:\/\/www.cursillo.cz\/index.php\/wp-json\/wp\/v2\/posts\/1402\/revisions"}],"predecessor-version":[{"id":1409,"href":"https:\/\/www.cursillo.cz\/index.php\/wp-json\/wp\/v2\/posts\/1402\/revisions\/1409"}],"wp:featuredmedia":[{"embeddable":true,"href":"https:\/\/www.cursillo.cz\/index.php\/wp-json\/wp\/v2\/media\/1403"}],"wp:attachment":[{"href":"https:\/\/www.cursillo.cz\/index.php\/wp-json\/wp\/v2\/media?parent=1402"}],"wp:term":[{"taxonomy":"category","embeddable":true,"href":"https:\/\/www.cursillo.cz\/index.php\/wp-json\/wp\/v2\/categories?post=1402"},{"taxonomy":"post_tag","embeddable":true,"href":"https:\/\/www.cursillo.cz\/index.php\/wp-json\/wp\/v2\/tags?post=1402"}],"curies":[{"name":"wp","href":"https:\/\/api.w.org\/{rel}","templated":true}]}}