{"id":1406,"date":"2021-05-29T18:46:10","date_gmt":"2021-05-29T17:46:10","guid":{"rendered":"https:\/\/www.cursillo.cz\/?p=1406"},"modified":"2021-05-29T18:59:59","modified_gmt":"2021-05-29T17:59:59","slug":"novy-termin-brnenskeho-cursilla-pro-zeny","status":"publish","type":"post","link":"https:\/\/www.cursillo.cz\/index.php\/2021\/05\/29\/novy-termin-brnenskeho-cursilla-pro-zeny\/","title":{"rendered":"Nov\u00fd term\u00edn brn\u011bnsk\u00e9ho Cursilla pro \u017eeny"},"content":{"rendered":"<p>S ohledem na st\u00e1le je\u0161t\u011b nestabiln\u00ed pandemickou situaci jsme p\u0159esunuli <a href=\"https:\/\/www.cursillo.cz\/index.php\/kalendar\/\">term\u00edn \u017eensk\u00e9ho Cursilla brn\u011bnsk\u00e9 diec\u00e9ze<\/a>, kter\u00e9 se m\u011blo konat v \u010dervnu 2021 v Rajhrad\u011b, na z\u00e1v\u011br roku 2021. Nov\u00fd term\u00edn je 9.\u201312. 12. 2021 v <a href=\"http:\/\/www.dc-vranov.cz\/\">Duchovn\u00edm centru svat\u00e9ho Franti\u0161ka z Pauly<\/a> na Vranov\u011b u Brna. Pros\u00edme P\u00e1na, aby se Cursillo mohlo uskute\u010dnit, a t\u011b\u0161\u00edme se na jeho \u00fa\u010dastnice!<\/p>\n","protected":false},"excerpt":{"rendered":"<p>S ohledem na st\u00e1le je\u0161t\u011b nestabiln\u00ed pandemickou situaci jsme p\u0159esunuli term\u00edn \u017eensk\u00e9ho Cursilla brn\u011bnsk\u00e9 diec\u00e9ze, kter\u00e9 se m\u011blo konat v \u010dervnu 2021 v Rajhrad\u011b, na z\u00e1v\u011br roku 2021. Nov\u00fd term\u00edn je 9.\u201312. 12. 2021 v Duchovn\u00edm centru svat\u00e9ho Franti\u0161ka z Pauly na Vranov\u011b u Brna. Pros\u00edme P\u00e1na, aby se Cursillo [&hellip;]<\/p>\n","protected":false},"author":1,"featured_media":1261,"comment_status":"closed","ping_status":"closed","sticky":false,"template":"","format":"standard","meta":{"dwc-title":[],"dwc-content":[],"ngg_post_thumbnail":0,"footnotes":""},"categories":[8],"tags":[17,15],"class_list":["post-1406","post","type-post","status-publish","format-standard","has-post-thumbnail","hentry","category-aktuality","tag-organizacni-sdeleni","tag-pozvanky-na-cursillove-akce"],"aioseo_notices":[],"_links":{"self":[{"href":"https:\/\/www.cursillo.cz\/index.php\/wp-json\/wp\/v2\/posts\/1406","targetHints":{"allow":["GET"]}}],"collection":[{"href":"https:\/\/www.cursillo.cz\/index.php\/wp-json\/wp\/v2\/posts"}],"about":[{"href":"https:\/\/www.cursillo.cz\/index.php\/wp-json\/wp\/v2\/types\/post"}],"author":[{"embeddable":true,"href":"https:\/\/www.cursillo.cz\/index.php\/wp-json\/wp\/v2\/users\/1"}],"replies":[{"embeddable":true,"href":"https:\/\/www.cursillo.cz\/index.php\/wp-json\/wp\/v2\/comments?post=1406"}],"version-history":[{"count":2,"href":"https:\/\/www.cursillo.cz\/index.php\/wp-json\/wp\/v2\/posts\/1406\/revisions"}],"predecessor-version":[{"id":1410,"href":"https:\/\/www.cursillo.cz\/index.php\/wp-json\/wp\/v2\/posts\/1406\/revisions\/1410"}],"wp:featuredmedia":[{"embeddable":true,"href":"https:\/\/www.cursillo.cz\/index.php\/wp-json\/wp\/v2\/media\/1261"}],"wp:attachment":[{"href":"https:\/\/www.cursillo.cz\/index.php\/wp-json\/wp\/v2\/media?parent=1406"}],"wp:term":[{"taxonomy":"category","embeddable":true,"href":"https:\/\/www.cursillo.cz\/index.php\/wp-json\/wp\/v2\/categories?post=1406"},{"taxonomy":"post_tag","embeddable":true,"href":"https:\/\/www.cursillo.cz\/index.php\/wp-json\/wp\/v2\/tags?post=1406"}],"curies":[{"name":"wp","href":"https:\/\/api.w.org\/{rel}","templated":true}]}}