{"id":1675,"date":"2022-09-30T07:16:17","date_gmt":"2022-09-30T06:16:17","guid":{"rendered":"https:\/\/www.cursillo.cz\/?p=1675"},"modified":"2022-09-30T07:16:17","modified_gmt":"2022-09-30T06:16:17","slug":"papez-frantisek-italskym-cursillistum","status":"publish","type":"post","link":"https:\/\/www.cursillo.cz\/index.php\/2022\/09\/30\/papez-frantisek-italskym-cursillistum\/","title":{"rendered":"Pape\u017e Franti\u0161ek italsk\u00fdm cursillist\u016fm"},"content":{"rendered":"<p>28. kv\u011btna 2022 se v \u0158\u00edm\u011b konala italsk\u00e1 n\u00e1rodn\u00ed ultreya za \u00fa\u010dasti pape\u017ee Franti\u0161ka. Jeho promluvu k italsk\u00fdm cursillist\u016fm p\u0159in\u00e1\u0161\u00edme v pln\u00e9m zn\u011bn\u00ed:<\/p>\n<p>&nbsp;<\/p>\n<p><span>Draz\u00ed brat\u0159i a sestry, dobr\u00e9 r\u00e1no, v\u00edtejte! <\/span><\/p>\n<p><span>S radost\u00ed zdrav\u00edm v\u00e1s v\u0161echny, \u010dleny hnut\u00ed Cursillo v&nbsp;It\u00e1lii, spolu s biskupy a kn\u011b\u017e\u00edmi, kte\u0159\u00ed v\u00e1s doprov\u00e1zej\u00ed, kte\u0159\u00ed jste se se\u0161li zde v \u0158\u00edm\u011b na va\u0161\u00ed sedm\u00e9 n\u00e1rodn\u00ed ultreyi. <\/span><\/p>\n<p><span>Pou\u017e\u00edv\u00e1te starobyl\u00fd pozdrav poutn\u00edk\u016f \u201eultreya\u201c, abyste nazna\u010dili smysl t\u011bchto setk\u00e1n\u00ed, kter\u00e1 od po\u010d\u00e1tku vystihuj\u00ed va\u0161e charisma: jsou to chv\u00edle setk\u00e1n\u00ed, hl\u00e1s\u00e1n\u00ed, sv\u011bdectv\u00ed a modlitby, kde jeden druh\u00e9ho nab\u00e1d\u00e1, aby \u0161el \u201ed\u00e1l\u201c, \u201evykro\u010dil\u201c.<\/span><span> Nejsou to<\/span><span> organiza\u010dn\u00ed sch\u016fzky, n\u011bjak\u00e9 \u201esch\u016fze p\u0159edstavenstva\u201c spole\u010dnosti, ale bratrsk\u00e1 setk\u00e1n\u00ed, na kter\u00fdch znovu objevujete motivaci a impuls v\u00edry, kter\u00e9 jste v\u0161ichni za\u017eili na prvn\u00edm Cursillu, kter\u00e9ho jste se z\u00fa\u010dastnili a kter\u00e9 v\u00e1m zm\u011bnilo \u017eivot.<\/span><\/p>\n<p>Ji\u017e na sv\u00fdch ka\u017edot\u00fddenn\u00edch setk\u00e1n\u00edch d\u011bl\u00e1te krok \u201ed\u00e1l\u201c. Opravdu, m\u00e1te p\u0159\u00edle\u017eitost p\u0159ekro\u010dit \u010dist\u011b horizont\u00e1ln\u00ed, pozemsk\u00fd a materialistick\u00fd pohled na \u017eivot, poka\u017ed\u00e9 znovu objevit nov\u00fd pohled, kter\u00fd n\u00e1m v\u00edra v Krista d\u00e1v\u00e1 na v\u0161echno: na n\u00e1s samotn\u00e9, na sv\u011bt, na smysl existence. Jsme toti\u017e n\u00e1chyln\u00ed \u2013 z lenosti, ze setrva\u010dnosti, z v\u00e1havosti \u2013 ztratit nadhled v\u00edry a p\u0159izp\u016fsobit se mentalit\u011b sv\u011bta, kter\u00e1 uhas\u00ed ve\u0161kerou horlivost a v\u0161echnu touhu, z\u016fstat v\u011brn\u00ed P\u00e1nu a p\u0159in\u00e1\u0161et ho druh\u00fdm. Te\u010f, kdy\u017e pandemie pom\u00edj\u00ed, p\u0159ipom\u00edn\u00e1me si napomenut\u00ed v Listu \u017did\u016fm, \u201enezanedb\u00e1vejte spole\u010dn\u00e1 shrom\u00e1\u017ed\u011bn\u00ed \u2026 ale navz\u00e1jem se povzbuzujte\u201c (\u017did 10,25). Je velk\u00e1 milost, m\u00edt bratry a p\u0159\u00e1tele ve v\u00ed\u0159e, vz\u00e1jemn\u011b se podporovat a o\u017eivovat l\u00e1sku ke Kristu, kter\u00e1 je z\u00e1kladem v\u0161eho, a sd\u00edlet ji s ostatn\u00edmi.<\/p>\n<p>Krom\u011b spole\u010denstv\u00ed je to p\u0159edev\u0161\u00edm ultreya, kter\u00e1 v\u00e1s posouv\u00e1 d\u00e1l. R\u00e1d bych pouk\u00e1zal na <strong>dva z\u00e1kladn\u00ed sm\u011bry<\/strong> va\u0161eho \u201evykro\u010den\u00ed\u201c.<\/p>\n<p><strong>Prvn\u00ed<\/strong> sm\u011b\u0159uje ke spole\u010denstv\u00ed. Znamen\u00e1 vyj\u00edt ze sebe a sv\u00e9 skupiny, tvo\u0159it spole\u010denstv\u00ed a r\u016fst v c\u00edrkvi, kter\u00e1 je v\u017edy t\u011blem a nikdy ne odd\u011blen\u00fdmi, jednotliv\u00fdmi \u010dleny. Proto se nikdy neizolujte a nikdy se neuzav\u00edrejte do sebe! V\u017edy udr\u017eujte a prohlubujte \u017eivotn\u011b d\u016fle\u017eit\u00e9 spojen\u00ed se spole\u010denstv\u00edmi, do kter\u00fdch pat\u0159\u00edte.<\/p>\n<p>V prvn\u00ed \u0159ad\u011b mus\u00edte tvo\u0159it spole\u010denstv\u00ed s ostatn\u00edmi skupinami na oblastn\u00ed a n\u00e1rodn\u00ed \u00farovni, abyste se obohatili o \u0161ir\u0161\u00ed zku\u0161enosti a perspektivy, kter\u00e9 v\u00e1m pomohou l\u00e9pe porozum\u011bt c\u00edrkevn\u00ed a soci\u00e1ln\u00ed situaci, do kter\u00e9 jste pono\u0159eni a kter\u00e1 p\u0159edstavuje konkr\u00e9tn\u00ed pole va\u0161eho p\u016fsoben\u00ed. Tak ve v\u00e1s budou sjednoceny v\u00edra a \u017eivot i c\u00edrkev a sv\u011bt.<\/p>\n<p>V druh\u00e9 \u0159ad\u011b jste povol\u00e1ni k vytvo\u0159en\u00ed spole\u010denstv\u00ed s cel\u00fdm hnut\u00edm Cursillo. Velkou v\u00fdzvou je, zachovat si ducha l\u00e1sky a jednoty s v\u011bdom\u00edm, \u017ee z\u00e1kladn\u00ed charisma va\u0161eho hnut\u00ed je to, kter\u00e9 v\u00e1m p\u0159edali zakladatel\u00e9 a prvn\u00ed generace, a za kter\u00e9 jste v\u0161ichni stejn\u011b zodpov\u011bdn\u00ed. Jednota nen\u00ed zalo\u017eena na charismatu jednotlivce nebo na duchovn\u00ed linii ur\u010dit\u00e9ho proudu. Ne, jednota je zalo\u017eena na duchovn\u00edm d\u011bdictv\u00ed, kter\u00e9 je v\u0161emi p\u0159ij\u00edm\u00e1no, v\u0161emi \u017eito a sd\u00edleno, v\u0161emi ch\u00e1p\u00e1no a v\u0161em sv\u011b\u0159eno.<\/p>\n<p>V\u00edm, \u017ee v p\u0159\u00ed\u0161t\u00edch dnech se bude konat setk\u00e1n\u00ed Sv\u011btov\u00e9ho sekretari\u00e1tu Cursilla za \u00fa\u010dasti l\u00eddr\u016f ze v\u0161ech kontinent\u016f. Douf\u00e1m, \u017ee toto setk\u00e1n\u00ed bude t\u011bmito odpov\u011bdn\u00fdmi pro\u017e\u00edv\u00e1no jako synod\u00e1ln\u00ed ud\u00e1lost naslouch\u00e1n\u00ed a spole\u010dn\u00e9ho rozli\u0161ov\u00e1n\u00ed, \u017ee d\u00e1 prostor v\u0161em a \u017ee bude otev\u0159en\u00e9 r\u016fzn\u00e9mu vn\u00edm\u00e1n\u00ed a viz\u00edm, aby mezi v\u00e1mi vytvo\u0159ilo duchovn\u00ed harmonii. Harmonii identity, apo\u0161tol\u00e1tu, \u0159\u00edzen\u00ed, abyste mohli b\u00fdt a prezentovat se ostatn\u00edm jako brat\u0159i, jednaj\u00edc\u00ed v jednot\u011b.<\/p>\n<p>T\u0159et\u00ed, je\u0161t\u011b \u0161ir\u0161\u00ed \u00farovn\u00ed je vytv\u00e1\u0159et spole\u010denstv\u00ed s c\u00edrkv\u00ed, co\u017e znamen\u00e1 b\u00fdt nabl\u00edzku a naslouchat past\u00fd\u0159\u016fm a pod\u00edlet se na pastora\u010dn\u00edch iniciativ\u00e1ch m\u00edstn\u00edch c\u00edrkv\u00ed tam, kde \u017eijete. Va\u0161e spole\u010denstv\u00ed a cel\u00e9 va\u0161e hnut\u00ed toti\u017e neexistuje \u201evedle\u201c c\u00edrkve, ale je sou\u010d\u00e1st\u00ed c\u00edrkve tam, kde \u017eijete. Jste proto povol\u00e1ni k&nbsp;tomu, abyste se pln\u011b sjednotili s postojem a jedn\u00e1n\u00edm c\u00edrkve.<\/p>\n<p><strong>Druh\u00fdm<\/strong> z\u00e1kladn\u00edm sm\u011brem \u201evykro\u010den\u00ed\u201c, a tedy ka\u017ed\u00e9 ultreyi, je posl\u00e1n\u00ed. Vykro\u010dit znamen\u00e1 j\u00edt za sv\u00fdm posl\u00e1n\u00edm. I va\u0161e hnut\u00ed \u010del\u00ed v\u00fdzv\u011b, vytv\u00e1\u0159et spole\u010denstv\u00ed mision\u00e1\u0159sk\u00fdch u\u010dedn\u00edk\u016f, kte\u0159\u00ed vych\u00e1zej\u00ed vst\u0159\u00edc t\u011bm, kdo jsou vzd\u00e1len\u00ed (srov. Apo\u0161tolsk\u00e1 exhortace Evangelii gaudium, 24), a p\u0159ekra\u010dovat m\u011b\u0159\u00edtko \u201ev\u017edy se to tak d\u011blalo\u201c (srov. tamt\u00e9\u017e, 33), kter\u00e9 nen\u00ed k\u0159es\u0165ansk\u00e9. M\u00e1te zvl\u00e1\u0161tn\u00ed charisma, kter\u00e9 v\u00e1s p\u0159ivedlo k tomu, abyste znovu objevili a poznali, jak jednoduch\u00fdm a p\u0159\u00edm\u00fdm zp\u016fsobem hl\u00e1sat podstatu k\u0159es\u0165ansk\u00e9 zku\u0161enosti, tedy Bo\u017e\u00ed l\u00e1sku ke ka\u017ed\u00e9mu mu\u017ei a \u017een\u011b. A v\u00edte, jak tuto zv\u011bst p\u0159edat v r\u00e1mci pout p\u0159\u00e1telstv\u00ed a bl\u00edzkosti, kter\u00e9 vytv\u00e1\u0159\u00edte, bez tlaku, tolika lidem, kolik jich potk\u00e1te, dokonce i t\u011bm siln\u011bj\u0161\u00edm, kte\u0159\u00ed se zdaj\u00ed t\u00e9m\u011b\u0159 lhostejn\u00ed nebo dokonce nep\u0159\u00e1tel\u0161t\u00ed k v\u00ed\u0159e. Povzbuzuji v\u00e1s proto, abyste se odv\u00e1\u017eili, nechat se inspirovat t\u00edmto charismatem, kter\u00e9 v\u00e1m dal Duch svat\u00fd, abyste tak pro\u017e\u00edvali sladkou radost z evangelizace ve v\u0161ech oblastech \u017eivota, soukrom\u00e9 i ve\u0159ejn\u00e9 \u2013 to znamen\u00e1 pohyb, pohyb k vnit\u0159n\u00ed jednot\u011b a pohyb k evangelizaci.<\/p>\n<p>R\u00e1d bych dodal jednu v\u011bc: b\u00fdt v hnut\u00ed znamen\u00e1 \u017e\u00edt slu\u017ebu hl\u00e1s\u00e1n\u00ed a k\u0159es\u0165ansk\u00e9ho sv\u011bdectv\u00ed, a to tak\u00e9 z\u00e1le\u017e\u00ed na lidech, kte\u0159\u00ed jsou odpov\u011bdn\u00ed za ka\u017edou zemi nebo za cel\u00e9 hnut\u00ed. \u0160patn\u00e1 v\u011bc, kter\u00e9 se mus\u00edte vyhnout d\u0159\u00edv, ne\u017e se stane \u2013 zd\u00e1 se, \u017ee se v\u00e1m to nestalo, ale \u0159\u00edk\u00e1m v\u00e1m to p\u0159edem \u2013 je \u201ezv\u011b\u010dnit\u201c sekretari\u00e1ty, tzn. m\u00edt v ur\u010dit\u00fdch rol\u00edch st\u00e1le stejn\u00e9 lidi. Pros\u00edm ned\u011blejte to. V\u0161ichni jsou dob\u0159\u00ed, ale nikdo nejsme nepostradateln\u00ed. Nejsme nepostradateln\u00ed.<\/p>\n<p>Dokon\u010d\u00edm pr\u00e1ci jako koordin\u00e1tor \u2013 nev\u00edm, jak se tomu kde \u0159\u00edk\u00e1 \u2013 bu\u010f skupiny nebo zem\u011b nebo sv\u011bta, a jdu dom\u016f \u2013 tedy jdu do spole\u010denstv\u00ed jako oby\u010dejn\u00fd \u010dlov\u011bk, oby\u010dejn\u00fd \u010dlov\u011bk. \u201eNe, ale ud\u011blal jsem to, te\u010f mus\u00edme&#8230;&#8220; Nemus\u00edte d\u011blat nic, mus\u00edte to nechat b\u00fdt! Je to jasn\u00e9? Potla\u010dov\u00e1n\u00ed t\u011bchto osobn\u00edch ambic\u00ed, kter\u00e9 jsou inspirov\u00e1ny \u010f\u00e1blem, je \u00fakol, ve kter\u00e9m mus\u00edte vytrvat. Proto\u017ee tolik hnut\u00ed zaniklo v rukou jedin\u00e9ho v\u016fdce. M\u00e1me v c\u00edrkvi hodn\u011b takov\u00fdch zku\u0161enost\u00ed. Obnovujte tedy slu\u017ebu autority, \u0159\u00edk\u00e1m, obnovujte ji: nikdo nen\u00ed autoritou nav\u011bky.<\/p>\n<p>Draz\u00ed p\u0159\u00e1tel\u00e9, k\u00e9\u017e v\u00e1s Duch svat\u00fd na p\u0159\u00edmluvu Panny Marie st\u00e1le udr\u017euje v pohybu, nikdy v klidu, v\u017edy v pohybu, v\u017edy p\u0159ipraven\u00e9 \u201ej\u00edt d\u00e1l\u201c, sm\u011brem ke spole\u010denstv\u00ed a k posl\u00e1n\u00ed a v\u017edy ve slu\u017eb\u011b, ne derouc\u00ed se o posty. Ze srdce \u017eehn\u00e1m v\u00e1m v\u0161em a va\u0161im bl\u00edzk\u00fdm. A vy tak\u00e9, pros\u00edm, nezapome\u0148te se za m\u011b modlit. D\u011bkuji v\u00e1m!<\/p>\n<p>&nbsp;<\/p>\n<p>P\u0159elo\u017eeno z <a href=\"https:\/\/www.vatican.va\/content\/francesco\/en\/events\/event.dir.html\/content\/vaticanevents\/en\/2022\/5\/28\/cursillos-italia.html\">Bulletin of the Holy See Press Office<\/a>, 28 May 2022. Na tomto odkazu se m\u016f\u017eete pod\u00edvat tak\u00e9 na fotografie ze setk\u00e1n\u00ed.<\/p>\n<p>&nbsp;<\/p>\n<p><span>&nbsp;<\/span><\/p>\n<p>&nbsp;<\/p>\n<p>&nbsp;<\/p>\n<p>&nbsp;<\/p>\n","protected":false},"excerpt":{"rendered":"<p>28. kv\u011btna 2022 se v \u0158\u00edm\u011b konala italsk\u00e1 n\u00e1rodn\u00ed ultreya za \u00fa\u010dasti pape\u017ee Franti\u0161ka. Jeho promluvu k italsk\u00fdm cursillist\u016fm p\u0159in\u00e1\u0161\u00edme v pln\u00e9m zn\u011bn\u00ed: &nbsp; Draz\u00ed brat\u0159i a sestry, dobr\u00e9 r\u00e1no, v\u00edtejte! S radost\u00ed zdrav\u00edm v\u00e1s v\u0161echny, \u010dleny hnut\u00ed Cursillo v&nbsp;It\u00e1lii, spolu s biskupy a kn\u011b\u017e\u00edmi, kte\u0159\u00ed v\u00e1s doprov\u00e1zej\u00ed, kte\u0159\u00ed jste [&hellip;]<\/p>\n","protected":false},"author":1,"featured_media":1676,"comment_status":"closed","ping_status":"closed","sticky":false,"template":"","format":"standard","meta":{"dwc-title":[],"dwc-content":[],"ngg_post_thumbnail":0,"footnotes":""},"categories":[14],"tags":[18,16],"class_list":["post-1675","post","type-post","status-publish","format-standard","has-post-thumbnail","hentry","category-impulzy","tag-cursillo-ve-svete","tag-duchovni-impulzy"],"aioseo_notices":[],"_links":{"self":[{"href":"https:\/\/www.cursillo.cz\/index.php\/wp-json\/wp\/v2\/posts\/1675","targetHints":{"allow":["GET"]}}],"collection":[{"href":"https:\/\/www.cursillo.cz\/index.php\/wp-json\/wp\/v2\/posts"}],"about":[{"href":"https:\/\/www.cursillo.cz\/index.php\/wp-json\/wp\/v2\/types\/post"}],"author":[{"embeddable":true,"href":"https:\/\/www.cursillo.cz\/index.php\/wp-json\/wp\/v2\/users\/1"}],"replies":[{"embeddable":true,"href":"https:\/\/www.cursillo.cz\/index.php\/wp-json\/wp\/v2\/comments?post=1675"}],"version-history":[{"count":1,"href":"https:\/\/www.cursillo.cz\/index.php\/wp-json\/wp\/v2\/posts\/1675\/revisions"}],"predecessor-version":[{"id":1677,"href":"https:\/\/www.cursillo.cz\/index.php\/wp-json\/wp\/v2\/posts\/1675\/revisions\/1677"}],"wp:featuredmedia":[{"embeddable":true,"href":"https:\/\/www.cursillo.cz\/index.php\/wp-json\/wp\/v2\/media\/1676"}],"wp:attachment":[{"href":"https:\/\/www.cursillo.cz\/index.php\/wp-json\/wp\/v2\/media?parent=1675"}],"wp:term":[{"taxonomy":"category","embeddable":true,"href":"https:\/\/www.cursillo.cz\/index.php\/wp-json\/wp\/v2\/categories?post=1675"},{"taxonomy":"post_tag","embeddable":true,"href":"https:\/\/www.cursillo.cz\/index.php\/wp-json\/wp\/v2\/tags?post=1675"}],"curies":[{"name":"wp","href":"https:\/\/api.w.org\/{rel}","templated":true}]}}