{"id":1830,"date":"2023-05-08T17:14:57","date_gmt":"2023-05-08T16:14:57","guid":{"rendered":"https:\/\/www.cursillo.cz\/?p=1830"},"modified":"2023-05-08T17:20:41","modified_gmt":"2023-05-08T16:20:41","slug":"jak-jsem-se-ucastnil-protistatniho-spiknuti","status":"publish","type":"post","link":"https:\/\/www.cursillo.cz\/index.php\/2023\/05\/08\/jak-jsem-se-ucastnil-protistatniho-spiknuti\/","title":{"rendered":"Jak jsem se \u00fa\u010dastnil protist\u00e1tn\u00edho spiknut\u00ed"},"content":{"rendered":"<h1><strong><span style=\"font-size: 24px;\"><em>Jak jsem se \u00fa\u010dastnil protist\u00e1tn\u00edho spiknut\u00ed<\/em><\/span><\/strong><\/h1>\n<h1><strong><span style=\"font-size: 24px;\">kabaret z&nbsp;lep\u0161\u00ed spole\u010dnosti<\/span><\/strong><\/h1>\n<p>&nbsp;<\/p>\n<p style=\"padding-left: 480px;\">Pra-pra-prab\u00e1ba m\u00e9 prab\u00e1by<br \/>\nbyla po sv\u00fd pra-pra-pratet\u011b<br \/>\nnete\u0159\u00ed tetin\u00fdho zet\u011b,<br \/>\njen\u017e pak byl d\u00edt\u011b d\u00edt\u011bte<br \/>\nkr\u00e1lovny ze S\u00e1by.<\/p>\n<p style=\"padding-left: 480px;\">(Voskovec a Werich)<\/p>\n<p>&nbsp;<\/p>\n<p>Tak\u00e9 si n\u011bkdy listujete, pro radost \u010di zahn\u00e1n\u00ed dlouh\u00e9 chv\u00edle, ve stoln\u00edm kalend\u00e1\u0159i? Trudnomysln\u00fd podzim je k&nbsp;tomu jako d\u011blan\u00fd:<\/p>\n<ol start=\"6\">\n<li>\u0159\u00edjna \u2013 pam\u00e1tka sv. Bruna, kn\u011bze; <em>klan\u00edm se p\u00e1n\u016fm kartuzi\u00e1n\u016fm<\/em>.<\/li>\n<li>\u0159\u00edjna \u2013 Panny Marie R\u016f\u017eencov\u00e9. <em>Proklat\u00fd koronavirus, Bro\u010fan\u00e9 p\u0159ijdou o svou pou\u0165!<\/em><\/li>\n<li>\u2013 pam\u00e1tka sv. Hedviky, \u0159eholnice, patronky Slezska; 17. \u2013 pam\u00e1tka sv. Ign\u00e1ce Antiochijsk\u00e9ho, biskupa a mu\u010dedn\u00edka.<\/li>\n<\/ol>\n<p>No ne, kohopak tu je\u0161t\u011b m\u00e1me? 21. \u0159\u00edjna blahoslaven\u00e9ho Karla z&nbsp;domu Habsbursk\u00e9ho.<\/p>\n<p>R\u00e1d se d\u00edv\u00e1m na jeden pam\u00e1tn\u00fd, \u010dernob\u00edl\u00fd sn\u00edmek, jen\u017e byl po\u0159\u00edzen u p\u0159\u00edle\u017eitosti jeho n\u00e1stupu na tr\u016fn. V\u0161ude zu\u0159ila v\u00e1lka a tento mu\u017e p\u0159ij\u00edm\u00e1 \u00fakol co nejd\u0159\u00edve ukon\u010dit nesmysln\u00e9 krveprol\u00e9v\u00e1n\u00ed a nastolit m\u00edr. B\u00fdti k\u0159es\u0165ansk\u00fdm vlada\u0159em u n\u011bj obn\u00e1\u0161elo p\u0159edsevzet\u00ed p\u0159ijmout nevyhnuteln\u00fd k\u0159\u00ed\u017e. C. k. pompy si u\u017e\u00edvat nemohl, a p\u0159esto byl jakousi trest\u00ed panovnick\u00e9ho ide\u00e1lu.<\/p>\n<p>Jako vyhnanec na Madei\u0159e je podroben on i c\u00edsa\u0159ova mlad\u00e1 rodina nouzi. Jeho mocensk\u00fd vliv je v&nbsp;konc\u00edch. Bylo by sm\u011b\u0161n\u00e9 utv\u00e1\u0159et za t\u00e9to beznad\u011bje exilovou vzdorovl\u00e1du, obklopovat se v\u011brn\u00fdmi rody, ud\u00edlet sly\u0161en\u00ed bezmocn\u00fdm potent\u00e1t\u016fm a rozd\u00edlet bly\u0161tiv\u00e1 cingrlata, zkr\u00e1tka naka\u0161\u00edrovat si kolem sebe mal\u00e9 Rakousko. On vol\u00ed jin\u00e9 v\u00fdchodisko: Naka\u017een chorobou chud\u00fdch nab\u00edz\u00ed nebesk\u00e9mu kr\u00e1li vlastn\u00ed \u017eivot za sv\u00e9 n\u00e1rody. U\u017e nem\u016f\u017ee konat, ale sm\u00ed v\u011bdom\u011b, l\u00e1skypln\u011b trp\u011bt, a\u017e do posledn\u00edho v\u00fddechu. Karl\u016fv p\u0159\u00edstup je ve srovn\u00e1n\u00ed s&nbsp;jin\u00fdmi sesazen\u00fdmi mocn\u00e1\u0159i vz\u00e1cn\u00fd. Uv\u011bdomil jsem si to docela brzy, na pozad\u00ed jednoho nezvykl\u00e9ho z\u00e1\u017eitku; u\u017e je tomu dvan\u00e1ct jar.<\/p>\n<p>&nbsp;<\/p>\n<p>Studujete-li jako kn\u011bz v&nbsp;\u0158\u00edm\u011b, otev\u00edr\u00e1 se v\u00e1m tolik dve\u0159\u00ed. Nejste u sv\u00fdch p\u0159edstaven\u00fdch pod takov\u00fdm drobnohledem jako za bohosloveck\u00fdch let a kyne v\u00e1m i spole\u010densk\u00e9 vy\u017eit\u00ed. <em>Po v\u0161echny dny m\u016f\u017eete vch\u00e1zet i vych\u00e1zet.<\/em> Hodl\u00e1te doj\u00ed\u017ed\u011bt za m\u0161\u00ed do v\u00fdst\u0159edn\u00edch, tajn\u016fstk\u00e1\u0159sk\u00fdch spole\u010denstv\u00ed? Jak je libo. Hn\u00edzde\u010dko neokatechumen\u00e1tu na divok\u00e9m p\u0159edm\u011bst\u00ed v\u00e1s p\u0159ijme s pot\u011b\u0161en\u00edm.<\/p>\n<p>Jestli si to p\u0159ejete, proniknete i do zedn\u00e1\u0159sk\u00e9 l\u00f3\u017ee; stoj\u00edte-li j\u00ed za to, sama si v\u00e1s jakoby mimochodem vyhled\u00e1. Posta\u010d\u00ed, kdy\u017e se ve vyhl\u00e1\u0161en\u00e9m knihkupectv\u00ed v&nbsp;t\u011bsn\u00e9 bl\u00edzkosti Vatik\u00e1nu, za\u010dnete ochom\u00fdtat v&nbsp;kol\u00e1rkov\u00e9 ko\u0161ili okolo monografie o svobodn\u00e9m zedn\u00e1\u0159stv\u00ed. <em>\u201eChcete se o n\u00e1s dozv\u011bd\u011bt v\u00edc?\u201c <\/em>za\u0161ept\u00e1 v\u00e1m Mefist\u016fv vemlouvav\u00fd hlas do ucha,<em> \u201eHle\u010fte, tady je moje nav\u0161t\u00edvenka. P\u0159ij\u010fte tam a tam. \u0158ekn\u011bte m\u00e9 jm\u00e9no, o dal\u0161\u00ed se starat nemus\u00edte.\u201c<\/em> Tohle se mi ale nepo\u0161t\u011bstilo. J\u00e1 jsem, na rozd\u00edl od spolubratra Mirka, pronikl mezi utajen\u00e9 spiklence z&nbsp;\u0159ad aristokracie\u2026<\/p>\n<p>&nbsp;<\/p>\n<p>N\u00e1\u0161 kn\u011b\u017esk\u00fd brach don Ettore snil po za\u0161l\u00fdch \u010dasech. Coby rodil\u00fd Ital ovl\u00e1dal um\u011bn\u00ed \u0159e\u010dnick\u00e9 na v\u00fdbornou. Jak horlil pro jednu, svatou, katolickou, apo\u0161tolskou v\u00edru! <em>\u201eKa\u017ed\u00e9ho r\u00e1na pros\u00edm dobr\u00e9ho Boha, aby milostiv\u011b uhodil bleskem do onoho nestoudn\u00e9ho pam\u00e1tn\u00edku Giordana Bruna na Campo dei Fiori i do toho ohyzdn\u00e9ho souso\u0161\u00ed Jana Husa na Starom\u011bstsk\u00e9m n\u00e1m\u011bst\u00ed.\u201c<\/em><\/p>\n<p>P\u0159i olt\u00e1\u0159i vynikal nez\u0159\u00edzenou liturgickou nek\u00e1zn\u00ed. Byl umanut\u00fd jako koza. Ne nadarmo se honosil p\u0159\u00edjmen\u00edm Capra, odkazuj\u00edc\u00edm k&nbsp;tomuto pali\u010dat\u00e9mu zv\u00ed\u0159eti s bradkou. I samotn\u00ed tradicionalist\u00e9, kte\u0159\u00ed v&nbsp;na\u0161\u00ed koleji nalezli \u00fato\u010di\u0161t\u011b, nevych\u00e1zeli z&nbsp;\u00fadivu nad nespoutanou tvo\u0159ivost\u00ed tohoto \u017eiveln\u00e9ho klerika. Nezapadal vlastn\u011b do \u017e\u00e1dn\u00e9ho ze zn\u00e1m\u00fdch ob\u0159ad\u016f. <em>\u201eNon c\u2019\u00e8 il rito romano,\u201c <\/em>\u0159\u00edk\u00e1vali pobaven\u011b,<em> \u201e\u00e8 un rito <\/em>\u2013 jak to jen \u0159\u00edci &#8211;<em> ettoriano-caprense.\u201c<\/em> S&nbsp;t\u00edm se nedalo ne\u017e souhlasit.<\/p>\n<p>Ettore m\u011b jednou, ve jm\u00e9nu sv\u00e9ho jist\u00e9ho urozen\u00e9ho p\u0159\u00edtele, po\u017e\u00e1dal o kn\u011b\u017eskou v\u00fdpomoc. Souhlasil jsem. P\u0159\u00ed\u0161t\u00edho r\u00e1na se v&nbsp;m\u00e9m pokoji rozdrn\u010del telefon. Byl jsem za to vd\u011b\u010dn\u00fd, nebo\u0165 za studi\u00ed mi nezavolal nikdo, matka, otec a u\u017e v\u016fbec ne moji farn\u00edci ze Vset\u00edna.<\/p>\n<p><em>\u201eKn\u00ed\u017ee Luigi jm\u00e9no m\u00e9.\u201c<\/em> Jeho rodov\u00fd p\u0159\u00eddomek jsem u\u017e zapomn\u011bl. (Na mou pam\u011b\u0165 nen\u00ed spolehnut\u00ed.) <em>\u201eSm\u00edm-li v\u00e1s, done Paolo, po\u017e\u00e1dat o odslou\u017een\u00ed m\u0161e u p\u0159\u00edle\u017eitosti na\u0161\u00ed \u0159\u00e1dov\u00e9 investitury?\u201c<\/em> <em>\u201ePro\u010d ne? Miler\u00e1d.\u201c<\/em> Nem\u00e1m ve zvyku odm\u00edtat past\u00fd\u0159skou slu\u017ebu. (Mn\u011b by Karel Gott nemusel domlouvat: <em>\u201eOdnau\u010d se \u0159\u00edkat ne, to jedin\u00e9 ti neslu\u0161\u00ed.\u201c)<\/em><\/p>\n<p>M\u011blo mi doj\u00edt, \u017ee takov\u00fd d\u016fle\u017eit\u00fd, p\u0159echodov\u00fd ritu\u00e1l p\u0159ece za obvykl\u00fdch okolnost\u00ed nekon\u00e1v\u00e1 kapl\u00e1nek z&nbsp;Moravy, ale nej\u010dast\u011bji s\u00eddeln\u00ed biskup \u010di n\u011bkdo postaven\u00fd mu svou d\u016fstojnost\u00ed na rove\u0148.<\/p>\n<p><em>\u201eBe\u00b4,\u201c<\/em> uzav\u0159ela jeho Jasnost, <em>\u201eZ\u00edtra v\u00e1s vyzvedne m\u016fj osobn\u00ed \u0159idi\u010d u Later\u00e1nsk\u00e9 baziliky.\u201c<\/em><\/p>\n<p>&nbsp;<\/p>\n<p>P\u0159\u00edprava m\u011b p\u0159\u00edli\u0161 netr\u00e1pila. Hladce oholen vklouznul jsem do sv\u00e9 \u010dern\u00e9 reverendy a op\u00e1sal se cingulem, to je m\u016fj v\u0161estrann\u00fd spole\u010densk\u00fd \u00fabor.<\/p>\n<p>Obecn\u011b si nelibuji v&nbsp;podobn\u00fdch se\u0161lostech. Proto jsem si umi\u0148oval, \u017ee hned po skon\u010den\u00ed bohoslu\u017eby se ve v\u0161\u00ed slu\u0161nosti omluv\u00edm a odkr\u00e1\u010d\u00edm.<\/p>\n<p>&nbsp;<\/p>\n<p>V&nbsp;p\u0159epychov\u00e9m voze, krom \u0161of\u00e9ra, sed\u011bli dva blahobytn\u011b vyhl\u00ed\u017eej\u00edc\u00ed mu\u017eov\u00e9: Jeho V\u00fdsost se sv\u00fdm pobo\u010dn\u00edkem. Ob\u011bma to n\u00e1ramn\u011b slu\u0161elo. Abych je snad v&nbsp;nadch\u00e1zej\u00edc\u00edch hodin\u00e1ch nezahanbil, vysoukal Luigi z&nbsp;p\u0159\u00edru\u010dn\u00edho zavazadla jak\u00fdsi \u010dern\u00fd kus l\u00e1tky vy\u0161\u00edvan\u00fd zlatou nitkou. <em>\u201eByl byste tak laskav a nasadil si toto \u0159\u00e1dov\u00e9 expozitorium okolo krku, aby bylo jasn\u00e9, \u017ee k&nbsp;sob\u011b pat\u0159\u00edme?\u201c<\/em> A tak se ze m\u011b stal pohybliv\u00fd panel, propaguj\u00edc\u00ed nezn\u00e1mou zna\u010dku.<\/p>\n<p>P\u0159\u00e1tel\u00e9 dona Ettora si v\u017edy potrp\u011bli na v\u00fdst\u0159edn\u00ed obl\u00e9k\u00e1n\u00ed. Nikdy nezapomenu na milounk\u00e9ho pan\u00e1\u010dka z&nbsp;chorvatsk\u00e9 koleje Capranica, metr \u0161edes\u00e1t od zem\u011b. Bez cavyk\u016f se uj\u00edmal ceremonov\u00e1n\u00ed tam, kde byl pozv\u00e1n. Pusinka jako vaj\u00ed\u010dko, na \u010dup\u0159in\u011b mu krou\u017eil saturn s&nbsp;\u00factyhodn\u00fdm prstencem. Jeho vl\u00eddn\u00e1 kukadla byla zv\u00fdrazn\u011bna kula\u0165ou\u010dk\u00fdmi obrou\u010dkami. K&nbsp;tomu ta slu\u0161iv\u00e1 klerika. Kdybychom mu dali do rukou lupu a vedle nohy belgick\u00e9ho o\u0159\u00ed\u0161ka, vypadal jako Tintin. P\u0159i sv\u011bcen\u00ed dona Capry roztomile tleskal, kdykoli n\u011bco neklapalo podle pl\u00e1nu. Vyznamenal se t\u00edm, \u017ee sta\u0159i\u010dk\u00e9ho a povoln\u00e9ho sv\u011btitele nutil b\u011bhem jedin\u00e9ho ob\u0159adu st\u0159\u00eddat r\u016fzn\u00e9 druhy miter.<\/p>\n<p>Kam jsem se to tentokr\u00e1t dostal? Do \u010deho m\u011b ten divoch zase navrtal? Jako kdyby nesta\u010dila ta fra\u0161ka s&nbsp;Mons. Manzettim v&nbsp;bazilice sv. Ane\u017eky na Piazza Navona. S&nbsp;bratrem Tom\u00e1\u0161em jsme byli pozv\u00e1ni, abychom chor\u00e1ln\u00edm zp\u011bvem doprov\u00e1zeli m\u0161i pro konfraternity. \u0158eknu v\u00e1m, \u017ee patronka m\u016f\u017ee b\u00fdt vd\u011b\u010dn\u00e1 Mistru Borrominimu za to, \u017ee jej\u00ed slavnou sochu um\u00edstil na pr\u016f\u010del\u00ed. Teprve vevnit\u0159 by m\u011bla dost d\u016fvod\u016f k&nbsp;tomu, aby odkl\u00e1n\u011bla sv\u016fj zrak od t\u00e9to ma\u0161kar\u00e1dy. Kostel byl nabit\u00fd mu\u017ei a \u017eenami v&nbsp;pestr\u00fdch st\u0159edov\u011bk\u00fdch kost\u00fdmech. Manzetti je od olt\u00e1\u0159e \u0159\u00edzn\u011b usm\u011br\u0148oval, n\u011bkdy p\u0159ek\u0159ikoval.<\/p>\n<p>Star\u00fd p\u00e1n, libuj\u00edc\u00ed si v&nbsp;inful\u00edch, \u010dinorod\u00fd i ve starobn\u00edm d\u016fchod\u011b; nikdy se nesm\u00ed\u0159il s&nbsp;tou k\u0159ivdou, \u017ee mu nebylo dop\u0159\u00e1no plnosti Kristova kn\u011b\u017estv\u00ed. Proto tak r\u00e1d vyj\u00ed\u017ed\u011bl z&nbsp;v\u00fdstavn\u00edho pal\u00e1ce pro vyslou\u017eil\u00e9 zam\u011bstnance Svat\u00e9ho stolce za p\u0159\u00edle\u017eitostnou pastorac\u00ed. I kdy\u017e je ud\u00edlen\u00ed bi\u0159mov\u00e1n\u00ed vyhrazeno podle \u0159\u00edmsk\u00fdch zvyklost\u00ed n\u00e1stupc\u016fm apo\u0161tol\u016f, mazal Manzetti \u010dela bi\u0159movanc\u016f svat\u00fdm k\u0159i\u017emem, se\u010d mu palec sta\u010dil. Penzionovan\u00fdch biskup\u016f p\u0159i s\u00edle v&nbsp;kn\u011b\u017esk\u00e9m domov\u011b bydlelo hodn\u011b a \u0158\u00edmsk\u00fd vikari\u00e1t nenam\u00edtal nic proti tomu, aby tu a tam vysluhovali sv\u00e1tost k\u0159es\u0165ansk\u00e9 dosp\u011blosti. Ov\u0161em chytr\u00fd li\u0161\u00e1k um\u011bl vyu\u017e\u00edt p\u0159\u00edzniv\u00e9ho v\u011btru. <em>\u201eHele, Marco, j\u00e1 to dnes vezmu za tebe. Honem, p\u016fj\u010d mi svou mitru a b\u011b\u017e si odpo\u010dinout.\u201c <\/em>Kdy\u017e si k tomu p\u0159ibral ferulu, odznak \u0159\u00edmsk\u00fdch far\u00e1\u0159\u016f, byl z n\u011bho skute\u010dn\u011b bisk\u016fpek k&nbsp;pohled\u00e1n\u00ed.<\/p>\n<p>B\u011bda, p\u0159eb\u011bda, snad jsem se dal p\u0159\u00edli\u0161 rychle uchl\u00e1cholit uji\u0161t\u011bn\u00edm, \u017ee dan\u00e9ho setk\u00e1n\u00ed se tentokr\u00e1t nez\u00fa\u010dastn\u00ed v\u00fdst\u0159edn\u00ed pape\u017esk\u00fd prel\u00e1t.<\/p>\n<p>&nbsp;<\/p>\n<p>Popojeli jsme o n\u011bkolik des\u00edtek metr\u016f po Via Merulana a stanuli p\u0159ed strohou klasicistn\u00ed vilou. Co by kamenem dohodil se nach\u00e1z\u00ed Muzeum orient\u00e1ln\u00edho um\u011bn\u00ed. Na t\u011bch n\u011bkolik hodin tu bylo z\u0159\u00edzeno odd\u011blen\u00e9 pracovi\u0161t\u011b. \u017div\u00fd skanzen. I ti kosi, podle nich\u017e je t\u0159\u00edda pojmenov\u00e1na, si o tom dodnes \u0161t\u011bbetaj\u00ed.<\/p>\n<p>Zdobn\u00fdm sloupo\u0159ad\u00edm jsme p\u0159e\u0161li na men\u0161\u00ed n\u00e1dvo\u0159\u00ed. Vybran\u00e1 spole\u010dnost ve smokingu a r\u00f3b\u00e1ch se zdr\u017eovala p\u0159edev\u0161\u00edm pod pl\u00e1t\u011bnou st\u0159\u00ed\u0161kou, srkaj\u00edc such\u00e9 Martini a zobaj\u00edc jednohubky. Najednou jsem si po Luigiho boku p\u0159ipadal jaksi roztomile jako \u010divava Paris Hiltonov\u00e9; jen nam\u00edsto klobou\u010dku se t\u0159pytkami jsem m\u011bl na ramenou p\u0159ehoz s&nbsp;gotizuj\u00edc\u00edm erbem.<\/p>\n<p>Po mal\u00e9 chvilce k&nbsp;n\u00e1m krokem tane\u010dn\u00edho mistra p\u0159iplul mu\u017e v&nbsp;nejlep\u0161\u00ed n\u00e1lad\u011b se skleni\u010dkou v&nbsp;ruce. Dvorn\u011b se pozdravil s&nbsp;Jeho Jasnost\u00ed a posl\u00e9ze zam\u011b\u0159il sv\u016fj hodnotitelsk\u00fd zrak na m\u011b. <em>\u201eP\u0159edstavuji v\u00e1m na\u0161eho \u0159\u00e1dov\u00e9ho kaplana dona Paola z&nbsp;nedalek\u00e9 \u010desk\u00e9 koleje.\u201c<\/em><\/p>\n<p>V&nbsp;o\u010d\u00edch mu to podivn\u011b zajisk\u0159ilo, mo\u017en\u00e1 mu v&nbsp;myslivn\u011b v\u00ed\u0159ilo ono sl\u016fvko, j\u00edm\u017e na\u0161ince, nikoli dobr\u00e1cky, \u010dastovali \u0158\u00edman\u00e9 v&nbsp;\u010dern\u00fdch ko\u0161ilk\u00e1ch. <em>\u201eFaccia slava!\u201c<\/em> co\u017e by se dalo jadrn\u011bji p\u0159elo\u017eit jako <em>\u201eslovansk\u00fd ksicht\u201c<\/em>. S&nbsp;ohledem na m\u016fj duchovensk\u00fd stav se v\u0161ak spokojil s&nbsp;ch\u00e1pavou zdvo\u0159ilost\u00ed:<em> \u201eSi vede al primo sguardo che non siete un prete salesiano.\u201c<\/em> \u2013 <em>\u201eNa prvn\u00ed pohled je z\u0159ejmo, \u017ee nejste salesi\u00e1nsk\u00fdm kn\u011bzem.\u201c<\/em> A tetelil se nad sv\u00fdm d\u016fvtipem. <em>\u201eNo, sicuro, <\/em><em>\u00e8 un prete serio!\u201c<\/em> \u2013 <em>\u201eZaru\u010den\u011b ne, je to seri\u00f3zn\u00ed kn\u011bz!\u201c<\/em> vybral nahr\u00e1vku m\u016fj urozen\u00fd spole\u010dn\u00edk. A v&nbsp;jeho t\u00f3nu \u0161lo rozeznat: <em>\u201eJak ho, proboha, mohlo n\u011bco takov\u00e9ho napadnout!\u201c<\/em> (Zd\u00e1 se, \u017ee z&nbsp;obou ji\u017e promlouvaly bublinky ze \u0161ampa\u0148sk\u00e9ho. Ale tak\u00e9 n\u00e1padn\u00e1 \u0159evnivost. I kdy\u017e jeden ctil rodokmen toho druh\u00e9ho, p\u0159\u00e1tel\u00e9 to rozhodn\u011b nebyli.) <em>Up\u0159\u00edmn\u011b vzato, nedok\u00e1zal bych si ani tebe, pan\u00e1ku jeden nanicovat\u00fd, p\u0159edstavit v&nbsp;propocen\u00e9m triku a trenk\u00e1ch, jak b\u011bh\u00e1\u0161 v&nbsp;orato\u0159i za mi\u010dudou. (Prosp\u011blo by ti to. P\u0159i\u0161el bys na jin\u00e9 my\u0161lenky.)<\/em><\/p>\n<p>Aperitif neboli brindisi nab\u00eddli tak\u00e9 mn\u011b, s&nbsp;odvol\u00e1n\u00edm na eucharistick\u00fd p\u016fst jsem odep\u0159el. B\u011bhem rozhovoru jsem se dozv\u011bd\u011bl o jist\u00fdch \u00fazemn\u00edch n\u00e1roc\u00edch v&nbsp;Rumunsku, kter\u00e9 vzn\u00e1\u0161el s&nbsp;naprostou samoz\u0159ejmost\u00ed m\u016fj druh s&nbsp;modrou krv\u00ed.<\/p>\n<p>&nbsp;<\/p>\n<p>Na ot\u00e1zku, kdy u\u017e se p\u0159istoup\u00ed ke slaven\u00ed Eucharistie a v&nbsp;kter\u00e9\u017ee kapli sm\u00edm p\u0159ipravit pot\u0159ebn\u00e9 v\u011bci, odpov\u00eddal Luigi vyh\u00fdbav\u011b. M\u00e9 o\u010di t\u011bkaly dovnit\u0159 pl\u00e1t\u011bn\u00e9ho stanu. Tento \u0161lechetn\u00fd chumel mn\u011b byl proti srsti od sam\u00e9ho za\u010d\u00e1tku. Nach\u00e1zel jsem se ov\u0161em v&nbsp;bodu, kter\u00fd letci naz\u00fdvaj\u00ed <em>No return.<\/em> U\u017e jsem tam byl p\u0159\u00edli\u0161 dlouho a nav\u00edc ve mn\u011b vzr\u016fstala zv\u011bdavost, jak se to cel\u00e9 bude vyv\u00edjet.<\/p>\n<p>Tihle p\u00e1nov\u00e9 a d\u00e1my nehr\u00e1li, n\u00fdbr\u017e \u017eili. To dok\u00e1\u017eou snad jen Italov\u00e9. Byli komi\u010dt\u00ed, ani\u017e to tu\u0161ili. Chud\u00e1k Luigi nemohl tr\u00e1vit sv\u00e9 b\u011b\u017en\u00e9 dny v rumunsk\u00fdch dr\u017eav\u00e1ch, ale potupn\u011b se kr\u010dil od pond\u011bl\u00ed do p\u00e1tku nad \u00fa\u010detn\u00edmi sloupci. Proto se jednou za uhersk\u00fd rok p\u0159evl\u00e9knul a stal se s\u00e1m sebou. Bylo to travesti-show pro vybran\u011bj\u0161\u00ed spole\u010dnost. Splnil se mi tajn\u00fd sen: za\u017e\u00edt opravdick\u00e9 travesti, kde se sexy jino\u0161i hastro\u0161\u00ed za Helenku Vondr\u00e1\u010dkovou (Komupak to slu\u0161\u00ed v\u00edc?) a kde se produc\u00edruj\u00ed skute\u010dn\u00e9-neskute\u010dn\u00e9 Drag-queens &#8211; \u010di snad Dreck-queens? No a jakou \u00falohu jsem v&nbsp;t\u00e9 ta\u0161ka\u0159ici m\u011bl sehr\u00e1t j\u00e1? Roli Belmonda z&nbsp;Ka\u0161p\u00e1rka; bezcenn\u00e9ho, z\u00e1bavn\u00e9ho ka\u0161para pro pot\u011bchu slavn\u00fdch. (Vskutku! Pr\u00fd vypad\u00e1m, podle jedn\u00e9 z&nbsp;na\u0161ich farnic, jako Jean-Paul! Nez\u00e1vi\u010fte, chlapi!)<\/p>\n<p>Kdy\u017e se spole\u010dnost naladila alkoholem, za\u010dala p\u0159irozen\u011b poci\u0165ovat i pot\u0159eby duchovn\u00ed. P\u0159em\u00edstila se dovnit\u0159 pal\u00e1ce a copak, copak? Na jevi\u0161t\u011b se z\u010distajasna p\u0159ikol\u00e9bal dal\u0161\u00ed velebn\u00ed\u010dek. R\u00e1\u010dil se mi p\u0159edstavit jako kaplan jeho c\u00edsa\u0159sk\u00e9 V\u00fdsosti. <em>\u201eK&nbsp;\u010demu je zapot\u0159eb\u00ed ke slaven\u00ed m\u0161e dal\u0161\u00edho kn\u011bze?\u201c<\/em> Pt\u00e1te se? To byste se divili. Ka\u017ed\u00fd opravdov\u00fd aristokrat mus\u00ed b\u00fdt vybaven jist\u00fdmi atributy \u010di rozli\u0161ovac\u00edmi znaky. Chce\u0161-li n\u011bco v&nbsp;takov\u00e9 spole\u010dnosti znamenat, mus\u00ed\u0161 m\u00edt sv\u00e9ho kaplana v dom\u011b \u010di p\u0159inejmen\u0161\u00edm svat\u00e9ho poustevn\u00edka na zahrad\u011b.<\/p>\n<p>&nbsp;<\/p>\n<p>I m\u016fj kn\u011b\u017esk\u00fd kolega st\u00e1l za to. Dokonal\u00e1 hru\u0161ti\u010dka polit\u00e1 brandy a karamelem. Okolo krku m\u011bl b\u00edlou \u0161\u00e1lu, tak\u017ee jsem si hned vybavil Pavla Dost\u00e1la i non\u0161alantn\u00edho, uhersky vyhl\u00ed\u017eej\u00edc\u00edho Juraja Kukuru, \u0159ezn\u00edka ze Sv\u011br\u00e1kova Trh\u00e1ku <em>\u201eNech brouka \u017e\u00edt\u201c.<\/em><\/p>\n<p>Do s\u00e1lu byli vol\u00e1ni, se v\u0161emi tituly, host\u00e9 vz\u00e1cn\u00ed, co\u017e trvalo d\u00e9le ne\u017e cel\u00e1 m\u0161e. Empirov\u00e9 k\u0159eslo v&nbsp;\u010dele onoho prostoru z\u016fst\u00e1valo pr\u00e1zdn\u00e9 do posledn\u00ed chv\u00edle. Kdy\u017e byli v\u0161ichni usazeni, vstoupil jako p\u00e1v jak\u00fdsi sebejist\u00fd mlad\u00ed\u010dek v&nbsp;b\u00edl\u00e9m stejnokroji. Zlatist\u00e9 knofl\u00ed\u010dky. Na ramenou se mu efektn\u011b bimbaly epolety t\u00e9ho\u017e odst\u00ednu. N\u00e1\u0161 mladistv\u00fd vlada\u0159 se v&nbsp;admir\u00e1lsk\u00e9m ustrojen\u00ed naparoval jako hrdinn\u00fd kapit\u00e1n Kormor\u00e1n, <em>\u201eTo je on, m\u00e9ho srdce \u0161ampion,\u201c<\/em> vydechly v&nbsp;milostn\u00e9m roztou\u017een\u00ed odkveten\u00e9 \u0161lechti\u010dny. Po celou dobu n\u00e1\u0161 fe\u0161\u00e1k tr\u016fnil nehnut\u011b. Nez\u00fa\u010dastn\u011bn\u00e1, povznesen\u00e1 tv\u00e1\u0159 s&nbsp;d\u00edv\u010d\u00edmi tahy. Proto by snesl srovn\u00e1n\u00ed s Nefertiiti, spaluj\u00edc\u00ed sv\u00e9 obdivovatele chladem. P\u0159ita\u017eliv\u00fd svou nedotknutelnost\u00ed. Ani sl\u016fvka nepromluvil.<\/p>\n<p>&nbsp;<\/p>\n<p>M\u0161e svat\u00e1 byla zah\u00e1jena. Za olt\u00e1\u0159 poslou\u017eil jak\u00fdsi karetn\u00ed stol\u00ed\u010dek s&nbsp;mramorovou deskou. Bohoslu\u017ebou m\u016fj \u0161t\u00edhlounk\u00fd koleg\u00e1\u010dek p\u0159\u00edmo prosvi\u0161t\u011bl. Kv\u016fli n\u011bjak\u00e9 zbo\u017enosti tu p\u0159eci nejsme. C\u00edrkevn\u00ed ceremoni\u00e1l je vlada\u0159\u016fm u\u017eite\u010dn\u00fd potud, pokud p\u0159isp\u00edv\u00e1 ke zveleben\u00ed jejich vzne\u0161enosti. Jist\u00fd Korsi\u010dan by o tom mohl pov\u00eddat. Tak\u00e9 u\u017e za\u010d\u00edn\u00e1m rozum\u011bt tomu, pro\u010d valn\u00e1 v\u011bt\u0161ina italsk\u00e9 \u0161lechty dala ruce pry\u010d od Pia IX., kdy\u017e Viktor Emanuel II. pronikal sv\u00fdm beranidlem zna\u010dky Garibaldi do V\u011b\u010dn\u00e9ho m\u011bsta.<\/p>\n<p>Vtom vypukla dlouho o\u010dek\u00e1van\u00e1 investitura. Z&nbsp;mu\u017e\u00ed\u010dka, jen\u017e se mnou venku rozmlouval, se vyklubalo cosi jako \u0159\u00e1dov\u00fd velmistr. A Nefertiiti nad\u00e1le ml\u010dky p\u0159ihl\u00ed\u017eela.<\/p>\n<p>Ten dostal pl\u00e1\u0161t\u00edk, onen zase met\u00e1l. Velmistr chut\u011b \u0161vihal sv\u00fdm me\u010d\u00edkem po ramenou vyvolenc\u016f jako mar\u0161\u00e1lek. V\u0161ichni byli mimo\u0159\u00e1dn\u011b dojati a zasko\u010deni t\u00edm nenad\u00e1l\u00fdm \u0161t\u011bst\u00edm, lapali po dechu tak v\u011brohodn\u011b jako p\u0159i&nbsp;ud\u00edlen\u00ed Oscar\u016f.<\/p>\n<p>Mezi vybran\u00fdmi bylo zastoupeno i n\u011b\u017en\u00e9 pohlav\u00ed. P\u0159edstoupiv\u0161\u00ed \u017eena, v\u011bkem mati\u010dka, smysln\u011b poklekla p\u0159ed sli\u010dn\u00fdm jinochem. Bylo z\u0159ejm\u00e9, \u017ee je zvykl\u00e1 oh\u00fdbat \u0161\u00edji jedin\u011b p\u0159ed pretendenty maltsk\u00e9ho tr\u016fnu. Ani Marie Stuartovna kladouc\u00ed hrd\u011b hlavu na \u0161palek, by to l\u00e9pe nesvedla. A ctihodn\u00fd ob\u0159adn\u00edk prohl\u00e1sil: <em>\u201ePasuji v\u00e1s na d\u00e1mu t\u0159et\u00ed t\u0159\u00eddy!\u201c<\/em><\/p>\n<p>&nbsp;<\/p>\n<p>Pro st\u00e1t byli asi ne\u0161kodn\u00ed. Podobn\u011b jako kn\u00ed\u017ee ze Seborgy. Dokud jeho poddan\u00ed plat\u00ed kapitolsk\u00e9 vl\u010dici dan\u011b, nic se ned\u011bje. <em>Let it be! <\/em>Mo\u017en\u00e1 jen Rumuni by se mohli po\u0159\u00e1dn\u011b rozpar\u00e1dit, kdyby jim kn\u00ed\u017ee Luigi zab\u00edral sv\u00e9 vesnice a o Mal\u0165anech ani nemluv\u011b.<\/p>\n<p>Po skon\u010den\u00ed cel\u00e9ho ve\u010d\u00edrku jsem byl odm\u011bn\u011bn pretendentem maltsk\u00e9ho tr\u016fnu, s&nbsp;ur\u010dit\u00fdm blahosklonn\u00fdm zap\u0159en\u00edm, pades\u00e1ti eury. <em>\u201eTum\u00e1te, na podporu va\u0161\u00ed farnosti,\u201c<\/em> procedil p\u0159i svl\u00e9k\u00e1n\u00ed uniformy a obl\u00e9k\u00e1n\u00ed od\u011bvu civiln\u00edho. Pro \u010divavu Paris Hiltonov\u00e9 je to stejn\u011b v\u00edc ne\u017e dost. M\u016fj urozen\u00fd druh toti\u017e nebyl podobn\u00e9 \u0161lechetnosti schopen, bankovn\u00ed \u00fa\u0159edn\u00ed\u010dek si st\u011b\u017e\u00ed vyd\u011bl\u00e1 na slu\u0161n\u011bj\u0161\u00ed taxi, chce-li m\u00edt pod\u00edl na vy\u0161\u0161\u00ed spole\u010dnosti.<\/p>\n<p>P\u0159edpokl\u00e1d\u00e1m, \u017ee ji\u017e v&nbsp;pond\u011bl\u00ed se oba nasoukali do sv\u00fdch bezv\u00fdznamn\u00fdch kancel\u00e1\u0159\u00ed. Nechci se jim vysm\u00edvat, ani jimi pohrdat. Je koneckonc\u016f lep\u0161\u00ed hr\u00e1ti si na vl\u00e1dce ji\u017en\u00edch mo\u0159\u00ed ne\u017eli ul\u00e9tat na vln\u00e1ch efedrinu. (Kdybych to hodil do ver\u0161e, podez\u0159\u00edvali byste m\u011b, \u017ee jsem to moudro opsal od pan\u00ed Haliny P.)<\/p>\n<p>Odch\u00e1z\u00edm, ba prch\u00e1m do na\u0161\u00ed koleje, h\u00e1jit si sv\u00e9 \u00fazemn\u00ed n\u00e1roky.<\/p>\n<p>&nbsp;<\/p>\n<p>Dovolte mal\u00fd dov\u011btek, o \u010dty\u0159i roky pozd\u011bji jsem si p\u0159e\u010detl ve Vatik\u00e1nsk\u00e9m rozhlasu toto sd\u011blen\u00ed:<\/p>\n<ol start=\"16\">\n<li>\u0159\u00edjna 2012. Vatik\u00e1n. St\u00e1tn\u00ed sekretari\u00e1t Svat\u00e9ho stolce vydal dnes prohl\u00e1\u0161en\u00ed t\u00fdkaj\u00edc\u00ed se ryt\u00ed\u0159sk\u00fdch \u0159\u00e1d\u016f a vyznamen\u00e1n\u00ed. Na z\u00e1klad\u011b mnoha dotaz\u016f t\u00fdkaj\u00edc\u00edch se vztahu Svat\u00e9ho stolce k t\u011bmto \u0159\u00e1d\u016fm nesouc\u00edm jm\u00e9na r\u016fzn\u00fdch sv\u011btc\u016f \u010di posv\u00e1tn\u00fdch titul\u016f, pova\u017euje Svat\u00fd stolec za pot\u0159ebn\u00e9 ozn\u00e1mit, \u017ee ud\u011bluje pouze tato vyznamen\u00e1n\u00ed: Nejvy\u0161\u0161\u00ed \u0159\u00e1d Krist\u016fv, \u0158\u00e1d zlat\u00e9 ostruhy, \u0158\u00e1d Pia IX., \u0158\u00e1d sv. \u0158eho\u0159e Velik\u00e9ho, \u0158\u00e1d svat\u00e9ho Silvestra.<\/li>\n<\/ol>\n<p>Svat\u00fd stolec uzn\u00e1v\u00e1 a zaru\u010duje pouze dv\u011b instituce ryt\u00ed\u0159sk\u00fdch \u0159\u00e1d\u016f: Suver\u00e9nn\u00ed vojensk\u00fd hospit\u00e1ln\u00ed \u0159\u00e1d sv. Jana v Jeruzal\u00e9m\u011b, na Rhodu a na Malt\u011b (neboli Suver\u00e9nn\u00ed \u0159\u00e1d malt\u00e9zsk\u00fdch ryt\u00ed\u0159\u016f) a Ryt\u00ed\u0159sk\u00fd \u0159\u00e1d Svat\u00e9ho hrobu Jeruzal\u00e9msk\u00e9ho (Ordo Equestris Sancti Sepulcri Hierosolymitani) a nechyst\u00e1 v t\u00e9to oblasti \u017e\u00e1dn\u00e9 zm\u011bny. V\u0161echny ostatn\u00ed \u0159\u00e1dy, nov\u011b zalo\u017een\u00e9 a odvol\u00e1vaj\u00edc\u00ed se na zanikl\u00e9 st\u0159edov\u011bk\u00e9 \u0159\u00e1dy, nejsou Svat\u00fdm stolcem uzn\u00e1ny a nemohou si n\u00e1rokovat, \u017ee navazuj\u00ed na jejich historickou a pr\u00e1vn\u00ed legitimitu, jejich c\u00edle a organiza\u010dn\u00ed strukturu.<\/p>\n<p>Svat\u00fd stolec ve snaze vyhnout se \u2013 bohu\u017eel \u2013 mo\u017en\u00fdm nedorozum\u011bn\u00edm, kter\u00e1 jsou vyvol\u00e1na nedovolen\u00fdm vyd\u00e1v\u00e1n\u00edm dokument\u016f a nen\u00e1le\u017eit\u00fdm pou\u017e\u00edv\u00e1n\u00edm posv\u00e1tn\u00fdch m\u00edst, a tak\u00e9, aby zabr\u00e1nil pokra\u010duj\u00edc\u00edmu zneu\u017e\u00edv\u00e1n\u00ed, kter\u00e9 mnoha lidem dobr\u00e9 v\u00edry p\u016fsob\u00ed \u00fajmu, prohla\u0161uje, \u017ee nep\u0159ikl\u00e1d\u00e1 \u017e\u00e1dnou hodnotu \u0159\u00e1d\u016fm, dokument\u016fm a vyznamen\u00e1n\u00edm vyd\u00e1van\u00fdm neuzn\u00e1van\u00fdmi bratrstvy a pova\u017euje za nepat\u0159i\u010dn\u00e9, jsou-li u\u017e\u00edv\u00e1ny kostely a kaple k tzv. \u201eob\u0159ad\u016fm investitury\u201c.<\/p>\n<p>&nbsp;<\/p>\n<p>No sl\u00e1va, byl jsem tedy \u00fa\u010dasten protist\u00e1tn\u00edho spol\u010den\u00ed. To mi je\u0161t\u011b sch\u00e1zelo! Snad u\u017e to je proml\u010deno. Za v\u00e1le\u010dn\u00e9ho stavu by Luigiho \u010dekala opr\u00e1tka a m\u011b vyho\u0161t\u011bn\u00ed.<\/p>\n<p>P\u00e1n B\u016fh zapla\u0165 za n\u00e1\u0161 sekul\u00e1rn\u00ed st\u00e1t!<\/p>\n<p>P\u00e1n B\u016fh zapla\u0165 za blahoslaven\u00e9ho Karla, na\u0161eho kr\u00e1le!<\/p>\n<p>&nbsp;<\/p>\n<p>Kde jsme to p\u0159estali?<\/p>\n<ol start=\"22\">\n<li>\u0159\u00edjna \u2013 pam\u00e1tka sv. Jana Pavla II., pape\u017ee<\/li>\n<li>\u0159\u00edjna \u2013 pam\u00e1tka sv. Jana Kapistr\u00e1nsk\u00e9ho, kn\u011bze\u2026<\/li>\n<\/ol>\n","protected":false},"excerpt":{"rendered":"<p>Jak jsem se \u00fa\u010dastnil protist\u00e1tn\u00edho spiknut\u00ed kabaret z&nbsp;lep\u0161\u00ed spole\u010dnosti &nbsp; Pra-pra-prab\u00e1ba m\u00e9 prab\u00e1by byla po sv\u00fd pra-pra-pratet\u011b nete\u0159\u00ed tetin\u00fdho zet\u011b, jen\u017e pak byl d\u00edt\u011b d\u00edt\u011bte kr\u00e1lovny ze S\u00e1by. (Voskovec a Werich) &nbsp; Tak\u00e9 si n\u011bkdy listujete, pro radost \u010di zahn\u00e1n\u00ed dlouh\u00e9 chv\u00edle, ve stoln\u00edm kalend\u00e1\u0159i? Trudnomysln\u00fd podzim je k&nbsp;tomu jako [&hellip;]<\/p>\n","protected":false},"author":1,"featured_media":1833,"comment_status":"closed","ping_status":"closed","sticky":false,"template":"","format":"standard","meta":{"dwc-title":[""],"dwc-content":[""],"ngg_post_thumbnail":0,"footnotes":""},"categories":[14],"tags":[16],"class_list":["post-1830","post","type-post","status-publish","format-standard","has-post-thumbnail","hentry","category-impulzy","tag-duchovni-impulzy"],"aioseo_notices":[],"_links":{"self":[{"href":"https:\/\/www.cursillo.cz\/index.php\/wp-json\/wp\/v2\/posts\/1830","targetHints":{"allow":["GET"]}}],"collection":[{"href":"https:\/\/www.cursillo.cz\/index.php\/wp-json\/wp\/v2\/posts"}],"about":[{"href":"https:\/\/www.cursillo.cz\/index.php\/wp-json\/wp\/v2\/types\/post"}],"author":[{"embeddable":true,"href":"https:\/\/www.cursillo.cz\/index.php\/wp-json\/wp\/v2\/users\/1"}],"replies":[{"embeddable":true,"href":"https:\/\/www.cursillo.cz\/index.php\/wp-json\/wp\/v2\/comments?post=1830"}],"version-history":[{"count":2,"href":"https:\/\/www.cursillo.cz\/index.php\/wp-json\/wp\/v2\/posts\/1830\/revisions"}],"predecessor-version":[{"id":1832,"href":"https:\/\/www.cursillo.cz\/index.php\/wp-json\/wp\/v2\/posts\/1830\/revisions\/1832"}],"wp:featuredmedia":[{"embeddable":true,"href":"https:\/\/www.cursillo.cz\/index.php\/wp-json\/wp\/v2\/media\/1833"}],"wp:attachment":[{"href":"https:\/\/www.cursillo.cz\/index.php\/wp-json\/wp\/v2\/media?parent=1830"}],"wp:term":[{"taxonomy":"category","embeddable":true,"href":"https:\/\/www.cursillo.cz\/index.php\/wp-json\/wp\/v2\/categories?post=1830"},{"taxonomy":"post_tag","embeddable":true,"href":"https:\/\/www.cursillo.cz\/index.php\/wp-json\/wp\/v2\/tags?post=1830"}],"curies":[{"name":"wp","href":"https:\/\/api.w.org\/{rel}","templated":true}]}}