{"id":1861,"date":"2023-05-13T09:04:41","date_gmt":"2023-05-13T08:04:41","guid":{"rendered":"https:\/\/www.cursillo.cz\/?p=1861"},"modified":"2023-05-13T09:04:41","modified_gmt":"2023-05-13T08:04:41","slug":"diecezni-ultreya-slany-3-6-2023","status":"publish","type":"post","link":"https:\/\/www.cursillo.cz\/index.php\/2023\/05\/13\/diecezni-ultreya-slany-3-6-2023\/","title":{"rendered":"Diec\u00e9zn\u00ed Ultreya Slan\u00fd 3. 6. 2023"},"content":{"rendered":"<p>Poprv\u00e9 v pra\u017esk\u00e9 arcidiec\u00e9zi bude d\u011bji\u0161t\u011bm Ultreyi Slan\u00fd, kde je po\u010detn\u00e9 a<br \/>\n\u017eiv\u00e9 cursillov\u00e9 spole\u010denstv\u00ed. Sejdeme se v <a href=\"https:\/\/mapy.cz\/s\/pevotavuhu\">kl\u00e1\u0161te\u0159e bos\u00fdch karmelit\u00e1n\u016f<\/a>,<br \/>\nHlav\u00e1\u010dkovo n\u00e1m. 221 v 10 hodin. Program na t\u00e9ma \u201eHospodin je m\u016fj past\u00fd\u0159, nic<br \/>\nnepostr\u00e1d\u00e1m\u201c pak bude pokra\u010dovat sv\u011bdectv\u00edmi, sd\u00edlen\u00edm ve skupink\u00e1ch a<br \/>\nagap\u00e9. Nev\u00e1hejte a p\u0159ije\u010fte, cesta autobusem z Prahy netrv\u00e1 dlouho. Srde\u010dn\u011b<br \/>\nzveme!<\/p>\n","protected":false},"excerpt":{"rendered":"<p>Poprv\u00e9 v pra\u017esk\u00e9 arcidiec\u00e9zi bude d\u011bji\u0161t\u011bm Ultreyi Slan\u00fd, kde je po\u010detn\u00e9 a \u017eiv\u00e9 cursillov\u00e9 spole\u010denstv\u00ed. Sejdeme se v kl\u00e1\u0161te\u0159e bos\u00fdch karmelit\u00e1n\u016f, Hlav\u00e1\u010dkovo n\u00e1m. 221 v 10 hodin. Program na t\u00e9ma \u201eHospodin je m\u016fj past\u00fd\u0159, nic nepostr\u00e1d\u00e1m\u201c pak bude pokra\u010dovat sv\u011bdectv\u00edmi, sd\u00edlen\u00edm ve skupink\u00e1ch a agap\u00e9. Nev\u00e1hejte a p\u0159ije\u010fte, cesta autobusem [&hellip;]<\/p>\n","protected":false},"author":1,"featured_media":1863,"comment_status":"closed","ping_status":"closed","sticky":false,"template":"","format":"standard","meta":{"dwc-title":[""],"dwc-content":[""],"ngg_post_thumbnail":0,"footnotes":""},"categories":[8],"tags":[15],"class_list":["post-1861","post","type-post","status-publish","format-standard","has-post-thumbnail","hentry","category-aktuality","tag-pozvanky-na-cursillove-akce"],"aioseo_notices":[],"_links":{"self":[{"href":"https:\/\/www.cursillo.cz\/index.php\/wp-json\/wp\/v2\/posts\/1861","targetHints":{"allow":["GET"]}}],"collection":[{"href":"https:\/\/www.cursillo.cz\/index.php\/wp-json\/wp\/v2\/posts"}],"about":[{"href":"https:\/\/www.cursillo.cz\/index.php\/wp-json\/wp\/v2\/types\/post"}],"author":[{"embeddable":true,"href":"https:\/\/www.cursillo.cz\/index.php\/wp-json\/wp\/v2\/users\/1"}],"replies":[{"embeddable":true,"href":"https:\/\/www.cursillo.cz\/index.php\/wp-json\/wp\/v2\/comments?post=1861"}],"version-history":[{"count":2,"href":"https:\/\/www.cursillo.cz\/index.php\/wp-json\/wp\/v2\/posts\/1861\/revisions"}],"predecessor-version":[{"id":1864,"href":"https:\/\/www.cursillo.cz\/index.php\/wp-json\/wp\/v2\/posts\/1861\/revisions\/1864"}],"wp:featuredmedia":[{"embeddable":true,"href":"https:\/\/www.cursillo.cz\/index.php\/wp-json\/wp\/v2\/media\/1863"}],"wp:attachment":[{"href":"https:\/\/www.cursillo.cz\/index.php\/wp-json\/wp\/v2\/media?parent=1861"}],"wp:term":[{"taxonomy":"category","embeddable":true,"href":"https:\/\/www.cursillo.cz\/index.php\/wp-json\/wp\/v2\/categories?post=1861"},{"taxonomy":"post_tag","embeddable":true,"href":"https:\/\/www.cursillo.cz\/index.php\/wp-json\/wp\/v2\/tags?post=1861"}],"curies":[{"name":"wp","href":"https:\/\/api.w.org\/{rel}","templated":true}]}}