{"id":1949,"date":"2023-09-13T17:03:11","date_gmt":"2023-09-13T15:03:11","guid":{"rendered":"https:\/\/www.cursillo.cz\/?p=1949"},"modified":"2023-09-13T17:05:18","modified_gmt":"2023-09-13T15:05:18","slug":"formacni-seminar","status":"publish","type":"post","link":"https:\/\/www.cursillo.cz\/index.php\/2023\/09\/13\/formacni-seminar\/","title":{"rendered":"Forma\u010dn\u00ed semin\u00e1\u0159"},"content":{"rendered":"<p>V <a href=\"https:\/\/www.klasterslany.cz\/\">kl\u00e1\u0161te\u0159e bos\u00fdch karmelit\u00e1n\u016f ve Slan\u00e9m<\/a> se ve dnech 15. \u2013 17. z\u00e1\u0159\u00ed 2023 uskute\u010dn\u00ed forma\u010dn\u00ed semin\u00e1\u0159 pro nov\u00e9 spolupracovn\u00edky Cursilla.<\/p>\n<p>\u0158ady spolupracovn\u00edk\u016f se rozrostou o 5 \u017een a 4 mu\u017ee. Pros\u00edme v\u00e1s o doprov\u00e1zen\u00ed modlitbou!<\/p>\n","protected":false},"excerpt":{"rendered":"<p>V kl\u00e1\u0161te\u0159e bos\u00fdch karmelit\u00e1n\u016f ve Slan\u00e9m se ve dnech 15. \u2013 17. z\u00e1\u0159\u00ed 2023 uskute\u010dn\u00ed forma\u010dn\u00ed semin\u00e1\u0159 pro nov\u00e9 spolupracovn\u00edky Cursilla. \u0158ady spolupracovn\u00edk\u016f se rozrostou o 5 \u017een a 4 mu\u017ee. Pros\u00edme v\u00e1s o doprov\u00e1zen\u00ed modlitbou!<\/p>\n","protected":false},"author":1,"featured_media":1950,"comment_status":"closed","ping_status":"closed","sticky":false,"template":"","format":"standard","meta":{"dwc-title":[""],"dwc-content":[""],"ngg_post_thumbnail":0,"footnotes":""},"categories":[8],"tags":[11],"class_list":["post-1949","post","type-post","status-publish","format-standard","has-post-thumbnail","hentry","category-aktuality","tag-cursillove-akce-pro-spolupracovniky"],"aioseo_notices":[],"_links":{"self":[{"href":"https:\/\/www.cursillo.cz\/index.php\/wp-json\/wp\/v2\/posts\/1949","targetHints":{"allow":["GET"]}}],"collection":[{"href":"https:\/\/www.cursillo.cz\/index.php\/wp-json\/wp\/v2\/posts"}],"about":[{"href":"https:\/\/www.cursillo.cz\/index.php\/wp-json\/wp\/v2\/types\/post"}],"author":[{"embeddable":true,"href":"https:\/\/www.cursillo.cz\/index.php\/wp-json\/wp\/v2\/users\/1"}],"replies":[{"embeddable":true,"href":"https:\/\/www.cursillo.cz\/index.php\/wp-json\/wp\/v2\/comments?post=1949"}],"version-history":[{"count":2,"href":"https:\/\/www.cursillo.cz\/index.php\/wp-json\/wp\/v2\/posts\/1949\/revisions"}],"predecessor-version":[{"id":1952,"href":"https:\/\/www.cursillo.cz\/index.php\/wp-json\/wp\/v2\/posts\/1949\/revisions\/1952"}],"wp:featuredmedia":[{"embeddable":true,"href":"https:\/\/www.cursillo.cz\/index.php\/wp-json\/wp\/v2\/media\/1950"}],"wp:attachment":[{"href":"https:\/\/www.cursillo.cz\/index.php\/wp-json\/wp\/v2\/media?parent=1949"}],"wp:term":[{"taxonomy":"category","embeddable":true,"href":"https:\/\/www.cursillo.cz\/index.php\/wp-json\/wp\/v2\/categories?post=1949"},{"taxonomy":"post_tag","embeddable":true,"href":"https:\/\/www.cursillo.cz\/index.php\/wp-json\/wp\/v2\/tags?post=1949"}],"curies":[{"name":"wp","href":"https:\/\/api.w.org\/{rel}","templated":true}]}}