{"id":2887,"date":"2025-06-22T20:12:38","date_gmt":"2025-06-22T18:12:38","guid":{"rendered":"https:\/\/www.cursillo.cz\/?p=2887"},"modified":"2025-06-22T20:12:38","modified_gmt":"2025-06-22T18:12:38","slug":"narodni-ultreya-2025","status":"publish","type":"post","link":"https:\/\/www.cursillo.cz\/index.php\/2025\/06\/22\/narodni-ultreya-2025\/","title":{"rendered":"N\u00e1rodn\u00ed Ultreya 2025"},"content":{"rendered":"<p>V sobotu 21. 6. 2025 se na Svat\u00e9m kope\u010dku u Olomouce konala n\u00e1rodn\u00ed Ultreya. Byla nesena t\u00e9matem &#8222;Ud\u011blejte, co v\u00e1m \u0159ekne&#8220;. Prov\u00e1zelo n\u00e1s p\u0159i m\u0161i svat\u00e9, duchovn\u00edm impulsu i pr\u00e1ci ve skupink\u00e1ch. Na Ultreyi nechyb\u011blo ani obvykl\u00e9 agap\u00e9. Atmosf\u00e9ru v\u00e1m p\u0159ibl\u00ed\u017e\u00ed n\u011bkolik fotografi\u00ed.<\/p>\nngg_shortcode_0_placeholder\n","protected":false},"excerpt":{"rendered":"<p>V sobotu 21. 6. 2025 se na Svat\u00e9m kope\u010dku u Olomouce konala n\u00e1rodn\u00ed Ultreya. Byla nesena t\u00e9matem &#8222;Ud\u011blejte, co v\u00e1m \u0159ekne&#8220;. Prov\u00e1zelo n\u00e1s p\u0159i m\u0161i svat\u00e9, duchovn\u00edm impulsu i pr\u00e1ci ve skupink\u00e1ch. Na Ultreyi nechyb\u011blo ani obvykl\u00e9 agap\u00e9. Atmosf\u00e9ru v\u00e1m p\u0159ibl\u00ed\u017e\u00ed n\u011bkolik fotografi\u00ed.<\/p>\n","protected":false},"author":1,"featured_media":2889,"comment_status":"closed","ping_status":"closed","sticky":false,"template":"","format":"standard","meta":{"dwc-title":[""],"dwc-content":[""],"ngg_post_thumbnail":0,"footnotes":""},"categories":[9],"tags":[10],"class_list":["post-2887","post","type-post","status-publish","format-standard","has-post-thumbnail","hentry","category-fotogalerie","tag-fotky-z-cursillovych-akci"],"aioseo_notices":[],"_links":{"self":[{"href":"https:\/\/www.cursillo.cz\/index.php\/wp-json\/wp\/v2\/posts\/2887","targetHints":{"allow":["GET"]}}],"collection":[{"href":"https:\/\/www.cursillo.cz\/index.php\/wp-json\/wp\/v2\/posts"}],"about":[{"href":"https:\/\/www.cursillo.cz\/index.php\/wp-json\/wp\/v2\/types\/post"}],"author":[{"embeddable":true,"href":"https:\/\/www.cursillo.cz\/index.php\/wp-json\/wp\/v2\/users\/1"}],"replies":[{"embeddable":true,"href":"https:\/\/www.cursillo.cz\/index.php\/wp-json\/wp\/v2\/comments?post=2887"}],"version-history":[{"count":2,"href":"https:\/\/www.cursillo.cz\/index.php\/wp-json\/wp\/v2\/posts\/2887\/revisions"}],"predecessor-version":[{"id":2890,"href":"https:\/\/www.cursillo.cz\/index.php\/wp-json\/wp\/v2\/posts\/2887\/revisions\/2890"}],"wp:featuredmedia":[{"embeddable":true,"href":"https:\/\/www.cursillo.cz\/index.php\/wp-json\/wp\/v2\/media\/2889"}],"wp:attachment":[{"href":"https:\/\/www.cursillo.cz\/index.php\/wp-json\/wp\/v2\/media?parent=2887"}],"wp:term":[{"taxonomy":"category","embeddable":true,"href":"https:\/\/www.cursillo.cz\/index.php\/wp-json\/wp\/v2\/categories?post=2887"},{"taxonomy":"post_tag","embeddable":true,"href":"https:\/\/www.cursillo.cz\/index.php\/wp-json\/wp\/v2\/tags?post=2887"}],"curies":[{"name":"wp","href":"https:\/\/api.w.org\/{rel}","templated":true}]}}