{"id":835,"date":"2019-01-05T19:56:09","date_gmt":"2019-01-05T18:56:09","guid":{"rendered":"http:\/\/www.cursillo.cz\/?p=835"},"modified":"2019-03-04T20:16:56","modified_gmt":"2019-03-04T19:16:56","slug":"jezulatko-si-je-vzalo","status":"publish","type":"post","link":"https:\/\/www.cursillo.cz\/index.php\/2019\/01\/05\/jezulatko-si-je-vzalo\/","title":{"rendered":"&#8222;Jezul\u00e1tko si je vzalo&#8220;"},"content":{"rendered":"<p style=\"text-align: justify;\">M\u016fj man\u017eel Lenny a j\u00e1 m\u00e1me t\u0159i \u00fa\u017easn\u00e9 syny. Kdy\u017e byli mal\u00ed, v\u0161ichni chodili do k\u0159es\u0165ansk\u00e9 \u0161kolky veden\u00e9 \u201etetou Tami\u201c, mimo\u0159\u00e1dnou osobnost\u00ed. N\u00e1\u0161 prost\u0159edn\u00ed syn Morgan u\u017e tenkr\u00e1t dlouho bojoval se vz\u00e1cnou formou rakoviny nerv\u016f. V \u0159\u00edjnu 1997, po dvaceti t\u0159ech operac\u00edch a dvou experiment\u00e1ln\u00edch chemoterapi\u00edch, odhalilo vy\u0161et\u0159en\u00ed metast\u00e1zy na plic\u00edch. To bylo zl\u00e9 \u2026 to byl konec. Nav\u00edc se uk\u00e1zalo, \u017ee m\u00e1 tuberkul\u00f3zu \u2013 tolik byla jeho imunita oslabena po chemoterapi\u00edch.<\/p>\n<p style=\"text-align: justify;\">Byli jsme v \u0161oku, ale nikoli zoufal\u00ed. Za\u010dali jsme se modlit nov\u00e9nu k Pra\u017esk\u00e9mu Jezul\u00e1tku a po\u017e\u00e1dali v\u0161echny na\u0161e p\u0159\u00e1tele, katol\u00edky i nekatol\u00edky, aby se k n\u00e1m p\u0159idali. Lenny a j\u00e1 jsme se modlili \u2013 k\u00e9\u017e se d\u011bje Bo\u017e\u00ed v\u016fle. B\u00e1li jsme se prosit o uzdraven\u00ed. V\u011bd\u011bli jsme, \u017ee \u00fapln\u00e9 uzdraven\u00ed nastane a\u017e p\u0159i vzk\u0159\u00ed\u0161en\u00ed. N\u011bkdy n\u00e1s B\u016fh pot\u0159ebuje nap\u0159ed p\u0159iv\u00e9st dom\u016f. Ale s na\u0161\u00edm synkem ve v\u011bku t\u0159i a p\u016fl roku jsme se rozlou\u010dit necht\u011bli &#8230;<\/p>\n<p style=\"text-align: justify;\">Poslali n\u00e1s k prof. Franku Steynovi, srde\u010dn\u00edmu a hrudn\u00edmu chirurgovi na kardiologick\u00e9 klinice v Pretorii. Vysv\u011btlil n\u00e1m, \u017ee u agresivn\u00ed rakoviny v tomto stadiu by mohl poskytnout pouze paliativn\u00ed p\u00e9\u010di a morfium na bolest, proto\u017ee, jak se domn\u00edval, Morganovi zb\u00fdv\u00e1 jen n\u011bkolik t\u00fddn\u016f \u017eivota. Navrhl ale velmi neobvyklou operaci, kter\u00e1 by mohla odstranit \u010dty\u0159i n\u00e1dory z jeho pl\u00edce a z\u00edskat tak pro Morgana alespo\u0148 n\u011bjak\u00fd \u010das. Operace byla napl\u00e1nov\u00e1na na p\u0159\u00ed\u0161t\u00ed den, co\u017e byl dev\u00e1t\u00fd den nov\u00e9ny.<\/p>\n<p style=\"text-align: justify;\">Ani\u017e jsme o tom v\u011bd\u011bli, \u201eteta Tami\u201c zmobilizovala ostatn\u00ed rodi\u010de a p\u0159ipravila rozpis modliteb. V\u0161ichni se st\u0159\u00eddali v modlitb\u011b celou noc. R\u00e1no si posadila na kl\u00edn Morganova star\u0161\u00edho bratra Jarroda a po\u017e\u00e1dala d\u011bti, aby se Je\u017e\u00ed\u0161e ptaly, o co maj\u00ed prosit. Jeden \u010dty\u0159let\u00fd chlapec, kter\u00fd o Morganov\u011b stavu nic nev\u011bd\u011bl, \u0159ekl: \u201eJe\u017e\u00ed\u0161 mi pov\u011bd\u011bl, a\u0165 se modl\u00edme, aby doktor Steyn, a\u017e roz\u0159\u00edzne jeho hrudn\u00edk, nena\u0161el \u017e\u00e1dn\u00e9 n\u00e1dory\u201c. &nbsp;A tak se modlili.<\/p>\n<p style=\"text-align: justify;\">V tut\u00e9\u017e dobu chirurgov\u00e9 Morgana operovali a \u017e\u00e1dn\u00e9 n\u00e1dory nena\u0161li. Hledali, kde ud\u011blali chybu, prohl\u00ed\u017eeli sn\u00edmky, mysleli si, \u017ee si spletli strany, prohl\u00e9dli i druhou pl\u00edci. Nakonec prim\u00e1\u0159 z patologie \u0159ekl, a\u0165 ho za\u0161ij\u00ed \u2013 &#8230; \u201ep\u0159ece nejsme hlup\u00e1ci, metast\u00e1zy pozn\u00e1me. Na sn\u00edmc\u00edch jsou a na plic\u00edch ne \u2013 za toho chlapce se muselo modlit hodn\u011b lid\u00ed.\u201c L\u00e9ka\u0159i vy\u0161li z opera\u010dn\u00edho s\u00e1lu plni radosti, jako d\u011bti, kter\u00e9 pr\u00e1v\u011b rozbalily nejkr\u00e1sn\u011bj\u0161\u00ed d\u00e1rek.<\/p>\n<p style=\"text-align: justify;\">Kdy\u017e se Morgan probudil, \u0159ekli jsme mu o tom, a on odpov\u011bd\u011bl: \u201eJ\u00e1 v\u00edm, Jezul\u00e1tko si je vzalo,\u201c pak zase usnul a spal dal\u0161\u00ed \u010dty\u0159i hodiny. Brzy jsme ho vzali dom\u016f, v nemocnici b\u00fdt necht\u011bl. Rychle se zotavoval, t\u00fdden po t\u011b\u017ek\u00e9 operaci vydatn\u011b posn\u00eddal a cht\u011bl do \u0161kolky. S obavami jsme ho tam vzali \u2013 a tam&nbsp; lezl po prol\u00e9za\u010dce a hadi\u010dky od dr\u00e9n\u016f m\u011bl zastr\u010den\u00e9 v kapse. Z\u016fstala mu z t\u00e9 doby jen jizva na z\u00e1dech ve tvaru k\u0159\u00ed\u017ee.<\/p>\n<p style=\"text-align: justify;\">Morgan je te\u010f t\u0159iadvacetilet\u00fd mlad\u00fd mu\u017e hlubok\u00e9 v\u00edry. Rakovina se mu mnohokr\u00e1t vr\u00e1tila, n\u00e1sledovaly dal\u0161\u00ed operace, oza\u0159ov\u00e1n\u00ed a nakonec mu museli amputovat nohu &#8230; ale p\u0159e\u017eil a \u017eije naplno.<\/p>\n<p style=\"text-align: justify;\">Jsme vd\u011b\u010dni P\u00e1nu za jeho milosrdenstv\u00ed a Pra\u017esk\u00e9mu Jezul\u00e1tku za pomoc. Nic nepokl\u00e1d\u00e1me za samoz\u0159ejm\u00e9. Bohu v\u0161emohouc\u00edmu bu\u010f \u010dest, chv\u00e1la a sl\u00e1va.<\/p>\n<p style=\"text-align: justify;\">&#8212;&#8212;&#8212;&#8212;&#8212;&#8212;&#8212;&#8212;-<\/p>\n<p style=\"text-align: justify;\">Je mi vyznamen\u00e1n\u00edm a ct\u00ed, \u017ee se s v\u00e1mi mohu pod\u011blit o sv\u00e9 sv\u011bdectv\u00ed, zvl\u00e1\u0161t\u011b pot\u00e9, kdy jsem m\u011bla kr\u00e1snou p\u0159\u00edle\u017eitost nav\u0161t\u00edvit v Praze kostel Pra\u017esk\u00e9ho Jezul\u00e1tka.<\/p>\n<p style=\"text-align: justify;\">Karon Willson, Cursillo v diec\u00e9zi Johannesburg, Ji\u017en\u00ed Afrika<\/p>\n<p>(\u010dl\u00e1nek byl publikov\u00e1n v cursillov\u00e9m \u010dasopise Maranatha)<\/p>\n","protected":false},"excerpt":{"rendered":"<p>M\u016fj man\u017eel Lenny a j\u00e1 m\u00e1me t\u0159i \u00fa\u017easn\u00e9 syny. Kdy\u017e byli mal\u00ed, v\u0161ichni chodili do k\u0159es\u0165ansk\u00e9 \u0161kolky veden\u00e9 \u201etetou Tami\u201c, mimo\u0159\u00e1dnou osobnost\u00ed. N\u00e1\u0161 prost\u0159edn\u00ed syn Morgan u\u017e tenkr\u00e1t dlouho bojoval se vz\u00e1cnou formou rakoviny nerv\u016f. V \u0159\u00edjnu 1997, po dvaceti t\u0159ech operac\u00edch a dvou experiment\u00e1ln\u00edch chemoterapi\u00edch, odhalilo vy\u0161et\u0159en\u00ed metast\u00e1zy na [&hellip;]<\/p>\n","protected":false},"author":1,"featured_media":838,"comment_status":"closed","ping_status":"closed","sticky":false,"template":"","format":"standard","meta":{"dwc-title":[],"dwc-content":[],"ngg_post_thumbnail":0,"footnotes":""},"categories":[14],"tags":[13,12],"class_list":["post-835","post","type-post","status-publish","format-standard","has-post-thumbnail","hentry","category-impulzy","tag-cursillovy-casopis-maranatha","tag-svedectvi-cursillistu"],"aioseo_notices":[],"_links":{"self":[{"href":"https:\/\/www.cursillo.cz\/index.php\/wp-json\/wp\/v2\/posts\/835","targetHints":{"allow":["GET"]}}],"collection":[{"href":"https:\/\/www.cursillo.cz\/index.php\/wp-json\/wp\/v2\/posts"}],"about":[{"href":"https:\/\/www.cursillo.cz\/index.php\/wp-json\/wp\/v2\/types\/post"}],"author":[{"embeddable":true,"href":"https:\/\/www.cursillo.cz\/index.php\/wp-json\/wp\/v2\/users\/1"}],"replies":[{"embeddable":true,"href":"https:\/\/www.cursillo.cz\/index.php\/wp-json\/wp\/v2\/comments?post=835"}],"version-history":[{"count":5,"href":"https:\/\/www.cursillo.cz\/index.php\/wp-json\/wp\/v2\/posts\/835\/revisions"}],"predecessor-version":[{"id":931,"href":"https:\/\/www.cursillo.cz\/index.php\/wp-json\/wp\/v2\/posts\/835\/revisions\/931"}],"wp:featuredmedia":[{"embeddable":true,"href":"https:\/\/www.cursillo.cz\/index.php\/wp-json\/wp\/v2\/media\/838"}],"wp:attachment":[{"href":"https:\/\/www.cursillo.cz\/index.php\/wp-json\/wp\/v2\/media?parent=835"}],"wp:term":[{"taxonomy":"category","embeddable":true,"href":"https:\/\/www.cursillo.cz\/index.php\/wp-json\/wp\/v2\/categories?post=835"},{"taxonomy":"post_tag","embeddable":true,"href":"https:\/\/www.cursillo.cz\/index.php\/wp-json\/wp\/v2\/tags?post=835"}],"curies":[{"name":"wp","href":"https:\/\/api.w.org\/{rel}","templated":true}]}}