{"id":841,"date":"2019-01-05T20:17:19","date_gmt":"2019-01-05T19:17:19","guid":{"rendered":"http:\/\/www.cursillo.cz\/?p=841"},"modified":"2019-02-16T11:32:44","modified_gmt":"2019-02-16T10:32:44","slug":"pycha","status":"publish","type":"post","link":"https:\/\/www.cursillo.cz\/index.php\/2019\/01\/05\/pycha\/","title":{"rendered":"P\u00fdcha"},"content":{"rendered":"<p><span>Kdy\u017e jsem se p\u0159ed Velikonocemi p\u0159ipravovala ke sv\u00e1tosti sm\u00ed\u0159en\u00ed, psala jsem si&nbsp; tzv. tah\u00e1k.<\/span><\/p>\n<p><span>V\u017edycky, kdy\u017e si p\u00ed\u0161i tah\u00e1k, tak je to v\u00fd\u010det h\u0159\u00edch\u016f, ale n\u011bkdy se rozep\u00ed\u0161i v\u00edce a&nbsp; je tam i podn\u011bt, kter\u00fd m\u011b k tomu \u010di onomu vedl. A tentokr\u00e1t to bylo pr\u00e1v\u011b tak rozvinut\u00e9 a proto tento tah\u00e1k byl napsan\u00fd na t\u0159i\u010dtvrt\u011b str\u00e1nky A5. Psala jsem to postupn\u011b asi t\u00fdden a pap\u00edr nosila s sebou po kaps\u00e1ch, aby, kdykoliv m\u011b napadne n\u011bco jin\u00e9ho, mohla jsem to tam dopsat.<\/span><\/p>\n<p><span>A tak to bylo i tento den, vyt\u00e1hla jsem tah\u00e1k z kapsy a znovu si pro\u010detla cel\u00fd text, den p\u0159edvelikono\u010dn\u00ed zpov\u011bdi se bl\u00ed\u017eil a proto bylo nutn\u00e9 dokon\u010dit p\u0159\u00edpravu. N\u011bco jsem tam dopsala. Pot\u00e9 jsem polo\u017eila pap\u00edr na \u017eehl\u00edc\u00ed prkno a pokra\u010dovala v \u017eehlen\u00ed. V tom m\u011b napadlo, \u017ee si tento zma\u010dkan\u00fd pap\u00edr, kter\u00fd nos\u00edm po kaps\u00e1ch, trochu p\u0159e\u017eehl\u00edm. <\/span>S takov\u00fdm c\u00e1rem chodit do zpov\u011bdnice, no to by bylo! Tak jsem se chopila \u017eehli\u010dky a zlehka p\u0159ejela moje d\u00edlo. Jak\u00e9 v\u0161ak bylo moje p\u0159ekvapen\u00ed, kdy\u017e cel\u00fd text zmizel. Mal\u00fd z\u00e1zrak!? Tak takhle B\u016fh ma\u017ee na\u0161e lehk\u00e9 h\u0159\u00edchy ve chv\u00edli, kdy jich litujeme?, blesklo mi hlavou. To, co se stalo, mi ne\u0161lo na rozum: &nbsp;jak to, co se to stalo, v\u017edy\u0165 jsem jen p\u0159ejela \u017eehli\u010dkou p\u0159es pap\u00edr tak jako jindy a text je pry\u010d!<\/p>\n<p>A co bylo je\u0161t\u011b pozoruhodn\u011bj\u0161\u00ed: uprost\u0159ed pap\u00edru z\u016fstalo jedin\u00e9 slovo, to, kter\u00e9 jsem p\u0159ed chv\u00edl\u00ed dopsala. P\u00fdcha. Jenom jedno jedin\u00e9 slovo na pr\u00e1zdn\u00e9m pap\u00edru. Co mi t\u00edm chce B\u016fh \u0159\u00edct? Pro\u010d pr\u00e1v\u011b p\u00fdcha? Copak jsem tak py\u0161n\u00e1? Nejsp\u00ed\u0161 ano. Co se t\u00fdk\u00e1 vysv\u011btlen\u00ed technick\u00e9ho, tak mi brzy do\u0161lo, \u017ee text byl psan\u00fd gumovac\u00edm perem, kter\u00e9 se p\u0159i vy\u0161\u0161\u00ed teplot\u011b vypa\u0159\u00ed, zat\u00edmco slovo p\u00fdcha bylo&nbsp; naps\u00e1no propiskou. Ov\u0161em, v\u017edy\u0165 je to prost\u00e9! Ale j\u00e1 z\u016fstala u toho, co mi t\u00edm chce B\u016fh \u0159\u00edci a dal\u0161\u00ed dva m\u011bs\u00edce jsem p\u0159em\u00fd\u0161lela nad slovem <em>p\u00fdcha<\/em> ve spojitosti se mnou.<\/p>\n<p>Lehk\u00e9 h\u0159\u00edchy jdou odpustit snadno \u2013 jako p\u0159ejet\u00edm \u017eehli\u010dkou \u2013 ale p\u00fdcha, ta je zako\u0159en\u011bn\u00e1 hluboko, n\u011bkdy tak hluboko, \u017ee ani nev\u00edme, \u017ee n\u00e1s ovl\u00e1d\u00e1. A my jen mus\u00edme doufat, \u017ee n\u00e1s B\u016fh vezme do n\u00e1ru\u010de a p\u0159inese n\u00e1s zp\u011bt do ov\u010dince \u2013 stejn\u011b jako tu ztracenou ovci.<\/p>\n<p>&nbsp;<\/p>\n<p><span>Mark\u00e9ta <\/span><\/p>\n<p>&nbsp;<\/p>\n<p>&nbsp;<\/p>\n","protected":false},"excerpt":{"rendered":"<p>Kdy\u017e jsem se p\u0159ed Velikonocemi p\u0159ipravovala ke sv\u00e1tosti sm\u00ed\u0159en\u00ed, psala jsem si&nbsp; tzv. tah\u00e1k. V\u017edycky, kdy\u017e si p\u00ed\u0161i tah\u00e1k, tak je to v\u00fd\u010det h\u0159\u00edch\u016f, ale n\u011bkdy se rozep\u00ed\u0161i v\u00edce a&nbsp; je tam i podn\u011bt, kter\u00fd m\u011b k tomu \u010di onomu vedl. A tentokr\u00e1t to bylo pr\u00e1v\u011b tak rozvinut\u00e9 a proto [&hellip;]<\/p>\n","protected":false},"author":1,"featured_media":855,"comment_status":"closed","ping_status":"closed","sticky":false,"template":"","format":"standard","meta":{"dwc-title":[],"dwc-content":[],"ngg_post_thumbnail":0,"footnotes":""},"categories":[14],"tags":[13,12],"class_list":["post-841","post","type-post","status-publish","format-standard","has-post-thumbnail","hentry","category-impulzy","tag-cursillovy-casopis-maranatha","tag-svedectvi-cursillistu"],"aioseo_notices":[],"_links":{"self":[{"href":"https:\/\/www.cursillo.cz\/index.php\/wp-json\/wp\/v2\/posts\/841","targetHints":{"allow":["GET"]}}],"collection":[{"href":"https:\/\/www.cursillo.cz\/index.php\/wp-json\/wp\/v2\/posts"}],"about":[{"href":"https:\/\/www.cursillo.cz\/index.php\/wp-json\/wp\/v2\/types\/post"}],"author":[{"embeddable":true,"href":"https:\/\/www.cursillo.cz\/index.php\/wp-json\/wp\/v2\/users\/1"}],"replies":[{"embeddable":true,"href":"https:\/\/www.cursillo.cz\/index.php\/wp-json\/wp\/v2\/comments?post=841"}],"version-history":[{"count":3,"href":"https:\/\/www.cursillo.cz\/index.php\/wp-json\/wp\/v2\/posts\/841\/revisions"}],"predecessor-version":[{"id":880,"href":"https:\/\/www.cursillo.cz\/index.php\/wp-json\/wp\/v2\/posts\/841\/revisions\/880"}],"wp:featuredmedia":[{"embeddable":true,"href":"https:\/\/www.cursillo.cz\/index.php\/wp-json\/wp\/v2\/media\/855"}],"wp:attachment":[{"href":"https:\/\/www.cursillo.cz\/index.php\/wp-json\/wp\/v2\/media?parent=841"}],"wp:term":[{"taxonomy":"category","embeddable":true,"href":"https:\/\/www.cursillo.cz\/index.php\/wp-json\/wp\/v2\/categories?post=841"},{"taxonomy":"post_tag","embeddable":true,"href":"https:\/\/www.cursillo.cz\/index.php\/wp-json\/wp\/v2\/tags?post=841"}],"curies":[{"name":"wp","href":"https:\/\/api.w.org\/{rel}","templated":true}]}}