{"id":885,"date":"2019-02-16T11:45:22","date_gmt":"2019-02-16T10:45:22","guid":{"rendered":"http:\/\/www.cursillo.cz\/?p=885"},"modified":"2019-03-18T21:09:37","modified_gmt":"2019-03-18T20:09:37","slug":"diecezni-ultreya-brno-2019","status":"publish","type":"post","link":"https:\/\/www.cursillo.cz\/index.php\/2019\/02\/16\/diecezni-ultreya-brno-2019\/","title":{"rendered":"Diec\u00e9zn\u00ed ultreya v Brn\u011b"},"content":{"rendered":"<p>Zveme v\u00e1s na brn\u011bnskou diec\u00e9zn\u00ed ultreyu, kter\u00e1 se bude konat v sobotu 16. 3. 2019 v duchovn\u00edm centru Archa v Bystrci, L\u00fdskova 6. Na\u0161\u00edm mottem bude &#8222;Rozd\u00e1vej radost evangelia&#8220;. Ultreya za\u010dne v 10 h, m\u0161e svat\u00e1 ve 12 h. Pros\u00edme v\u00e1s, abyste podle sv\u00fdch mo\u017enost\u00ed p\u0159inesli n\u011bco na spole\u010dn\u00fd st\u016fl.<\/p>\n","protected":false},"excerpt":{"rendered":"<p>Zveme v\u00e1s na brn\u011bnskou diec\u00e9zn\u00ed ultreyu, kter\u00e1 se bude konat v sobotu 16. 3. 2019 v duchovn\u00edm centru Archa v Bystrci, L\u00fdskova 6. Na\u0161\u00edm mottem bude &#8222;Rozd\u00e1vej radost evangelia&#8220;. Ultreya za\u010dne v 10 h, m\u0161e svat\u00e1 ve 12 h. Pros\u00edme v\u00e1s, abyste podle sv\u00fdch mo\u017enost\u00ed p\u0159inesli n\u011bco na spole\u010dn\u00fd st\u016fl.<\/p>\n","protected":false},"author":1,"featured_media":887,"comment_status":"closed","ping_status":"closed","sticky":false,"template":"","format":"standard","meta":{"dwc-title":[],"dwc-content":[],"ngg_post_thumbnail":0,"footnotes":""},"categories":[8],"tags":[15],"class_list":["post-885","post","type-post","status-publish","format-standard","has-post-thumbnail","hentry","category-aktuality","tag-pozvanky-na-cursillove-akce"],"aioseo_notices":[],"_links":{"self":[{"href":"https:\/\/www.cursillo.cz\/index.php\/wp-json\/wp\/v2\/posts\/885","targetHints":{"allow":["GET"]}}],"collection":[{"href":"https:\/\/www.cursillo.cz\/index.php\/wp-json\/wp\/v2\/posts"}],"about":[{"href":"https:\/\/www.cursillo.cz\/index.php\/wp-json\/wp\/v2\/types\/post"}],"author":[{"embeddable":true,"href":"https:\/\/www.cursillo.cz\/index.php\/wp-json\/wp\/v2\/users\/1"}],"replies":[{"embeddable":true,"href":"https:\/\/www.cursillo.cz\/index.php\/wp-json\/wp\/v2\/comments?post=885"}],"version-history":[{"count":2,"href":"https:\/\/www.cursillo.cz\/index.php\/wp-json\/wp\/v2\/posts\/885\/revisions"}],"predecessor-version":[{"id":902,"href":"https:\/\/www.cursillo.cz\/index.php\/wp-json\/wp\/v2\/posts\/885\/revisions\/902"}],"wp:featuredmedia":[{"embeddable":true,"href":"https:\/\/www.cursillo.cz\/index.php\/wp-json\/wp\/v2\/media\/887"}],"wp:attachment":[{"href":"https:\/\/www.cursillo.cz\/index.php\/wp-json\/wp\/v2\/media?parent=885"}],"wp:term":[{"taxonomy":"category","embeddable":true,"href":"https:\/\/www.cursillo.cz\/index.php\/wp-json\/wp\/v2\/categories?post=885"},{"taxonomy":"post_tag","embeddable":true,"href":"https:\/\/www.cursillo.cz\/index.php\/wp-json\/wp\/v2\/tags?post=885"}],"curies":[{"name":"wp","href":"https:\/\/api.w.org\/{rel}","templated":true}]}}