{"id":967,"date":"2019-03-26T20:19:28","date_gmt":"2019-03-26T19:19:28","guid":{"rendered":"http:\/\/www.cursillo.cz\/?p=967"},"modified":"2019-03-26T20:19:28","modified_gmt":"2019-03-26T19:19:28","slug":"zaverecna-slavnost-mc-na-gruni","status":"publish","type":"post","link":"https:\/\/www.cursillo.cz\/index.php\/2019\/03\/26\/zaverecna-slavnost-mc-na-gruni\/","title":{"rendered":"Z\u00e1v\u011bre\u010dn\u00e1 slavnost MC na Gruni"},"content":{"rendered":"<p>Zveme v\u00e1s na z\u00e1v\u011bre\u010dnou slavnost <a href=\"http:\/\/www.cursillo.cz\/index.php\/kalendar\/\">mu\u017esk\u00e9ho Cursilla na Gruni<\/a>, kter\u00e1 se bude konat v ned\u011bli&nbsp;&nbsp;&nbsp; 7. dubna 2019 ve 14:00 hodin v <a href=\"http:\/\/www.dsvj.cz\/\">Dom\u011b sv. Josefa<\/a>. P\u0159ije\u010fte a vyu\u017eijte p\u0159\u00edle\u017eitosti, vz\u00e1jemn\u011b se povzbudit a spole\u010dn\u011b se pomodlit.<br \/>\n\u00da\u010dast na z\u00e1v\u011bre\u010dn\u00e9 slavnosti m\u016f\u017eete spojit s proch\u00e1zkou po jarn\u00edch Beskydech.<\/p>\n<p>Jm\u00e9nem spolupracovn\u00edk\u016f MC na Gruni zve Pepa Vlach<\/p>\n","protected":false},"excerpt":{"rendered":"<p>Zveme v\u00e1s na z\u00e1v\u011bre\u010dnou slavnost mu\u017esk\u00e9ho Cursilla na Gruni, kter\u00e1 se bude konat v ned\u011bli&nbsp;&nbsp;&nbsp; 7. dubna 2019 ve 14:00 hodin v Dom\u011b sv. Josefa. P\u0159ije\u010fte a vyu\u017eijte p\u0159\u00edle\u017eitosti, vz\u00e1jemn\u011b se povzbudit a spole\u010dn\u011b se pomodlit. \u00da\u010dast na z\u00e1v\u011bre\u010dn\u00e9 slavnosti m\u016f\u017eete spojit s proch\u00e1zkou po jarn\u00edch Beskydech. Jm\u00e9nem spolupracovn\u00edk\u016f MC [&hellip;]<\/p>\n","protected":false},"author":1,"featured_media":970,"comment_status":"closed","ping_status":"closed","sticky":false,"template":"","format":"standard","meta":{"dwc-title":[],"dwc-content":[],"ngg_post_thumbnail":0,"footnotes":""},"categories":[8],"tags":[15],"class_list":["post-967","post","type-post","status-publish","format-standard","has-post-thumbnail","hentry","category-aktuality","tag-pozvanky-na-cursillove-akce"],"aioseo_notices":[],"_links":{"self":[{"href":"https:\/\/www.cursillo.cz\/index.php\/wp-json\/wp\/v2\/posts\/967","targetHints":{"allow":["GET"]}}],"collection":[{"href":"https:\/\/www.cursillo.cz\/index.php\/wp-json\/wp\/v2\/posts"}],"about":[{"href":"https:\/\/www.cursillo.cz\/index.php\/wp-json\/wp\/v2\/types\/post"}],"author":[{"embeddable":true,"href":"https:\/\/www.cursillo.cz\/index.php\/wp-json\/wp\/v2\/users\/1"}],"replies":[{"embeddable":true,"href":"https:\/\/www.cursillo.cz\/index.php\/wp-json\/wp\/v2\/comments?post=967"}],"version-history":[{"count":2,"href":"https:\/\/www.cursillo.cz\/index.php\/wp-json\/wp\/v2\/posts\/967\/revisions"}],"predecessor-version":[{"id":969,"href":"https:\/\/www.cursillo.cz\/index.php\/wp-json\/wp\/v2\/posts\/967\/revisions\/969"}],"wp:featuredmedia":[{"embeddable":true,"href":"https:\/\/www.cursillo.cz\/index.php\/wp-json\/wp\/v2\/media\/970"}],"wp:attachment":[{"href":"https:\/\/www.cursillo.cz\/index.php\/wp-json\/wp\/v2\/media?parent=967"}],"wp:term":[{"taxonomy":"category","embeddable":true,"href":"https:\/\/www.cursillo.cz\/index.php\/wp-json\/wp\/v2\/categories?post=967"},{"taxonomy":"post_tag","embeddable":true,"href":"https:\/\/www.cursillo.cz\/index.php\/wp-json\/wp\/v2\/tags?post=967"}],"curies":[{"name":"wp","href":"https:\/\/api.w.org\/{rel}","templated":true}]}}